
{"id":5850,"date":"2014-04-10T11:14:55","date_gmt":"2014-04-10T10:14:55","guid":{"rendered":"http:\/\/smartbe.be\/?p=5850"},"modified":"2014-04-15T15:16:50","modified_gmt":"2014-04-15T14:16:50","slug":"projectoproep-toon-je-werk-lavallee-creative-spot","status":"publish","type":"post","link":"https:\/\/smartbe.be\/nl\/news\/projectoproep-toon-je-werk-lavallee-creative-spot\/","title":{"rendered":"Projectoproep: Toon je werk in Lavall\u00e9e Creative Spot"},"content":{"rendered":"<p>Schilder- of beeldhouwkunst, fotografie, zang of muziek, dans of theater\u2026 alle creatieve disciplines komen in aanmerking. Raadpleeg de deelnemingsvoorwaarden hieronder.<\/p>\n<p style=\"text-align: center;\"><a href=\"https:\/\/smartbe.be\/wordpress\/..\/wp-content\/uploads\/2014\/04\/logo_CreativeSpot_Lavall+\u00aee_72dpi.jpg\"><img loading=\"lazy\" decoding=\"async\" class=\" wp-image-5805 aligncenter\" alt=\"Lavall\u00e9e Creative Spot\" src=\"https:\/\/smartbe.be\/wordpress\/..\/wp-content\/uploads\/2014\/04\/logo_CreativeSpot_Lavall+\u00aee_72dpi.jpg\" width=\"418\" height=\"159\" srcset=\"https:\/\/smartbe.be\/wp-content\/uploads\/2014\/04\/logo_CreativeSpot_Lavall+\u00aee_72dpi.jpg 522w, https:\/\/smartbe.be\/wp-content\/uploads\/2014\/04\/logo_CreativeSpot_Lavall+\u00aee_72dpi-300x114.jpg 300w, https:\/\/smartbe.be\/wp-content\/uploads\/2014\/04\/logo_CreativeSpot_Lavall+\u00aee_72dpi-500x190.jpg 500w, https:\/\/smartbe.be\/wp-content\/uploads\/2014\/04\/logo_CreativeSpot_Lavall+\u00aee_72dpi-290x110.jpg 290w\" sizes=\"auto, (max-width: 418px) 100vw, 418px\" \/><\/a><\/p>\n<p>Ge\u00efnteresseerd? Deelnemen is eenvoudig: vul het <a title=\"Deelnemingsformulier_Projectoproep_Kunstenaarsparcours Molenbeek 2014 \" href=\"https:\/\/smartbe.be\/wordpress\/..\/wp-content\/uploads\/2014\/04\/Inschrijvingsformulier_Projectoproep.pdf\" target=\"_blank\">deelnemingsformulier<\/a> in en stuur het samen met de andere documenten (zie hieronder) naar Pierre Pev\u00e9e ( <a href=\"mailto:&#x70;&#x65;&#x70;&#x40;&#x73;&#x6d;&#x61;&#x72;&#x74;&#x2e;&#x63;&#x6f;&#x6f;&#x70;\" target=\"_blank\">&#x70;&#x65;&#x70;&#x40;<span class=\"oe_displaynone\">null<\/span>&#x73;&#x6d;&#x61;&#x72;&#x74;&#x2e;&#x63;&#x6f;&#x6f;&#x70;<\/a>). Het kan ook per post naar: Smart project Lavall\u00e9e &#8211; Pierre Pev\u00e9e &#8211; Emile F\u00e9ronstraat 70 &#8211; 1060 Brussel.<\/p>\n<p>Je kan je dossier nog tot 25 april indienen.<\/p>\n<h2>Info en deelnemingsvoorwaarden:<\/h2>\n<h3>1. Context<\/h3>\n<p><a href=\"http:\/\/www.creativespot.be\/nl\/\" target=\"_blank\">Lavall\u00e9 Creative Spot<\/a> is een nieuwe co-workingruimte in een bruisende buurt in Oud-Molenbeek. Kunstenaars en creatieven vinden er een tentoonstellingszaal, een multidisciplinaire studio (voor foto, video), repetitieruimten en gedeelde werkplaatsen.<\/p>\n<p>Met onze deelname aan het Kunstenaarsparcours bieden we een antwoord op de veelvuldige en steeds weerkerende vraag naar multifunctionele ruimten voor artistieke activiteiten binnen alle mogelijke disciplines. Het is ook een manier om ons te verankeren in het lokale culturele landschap.<\/p>\n<h3>2. Kunstenaarsparcours \/ Parcours d\u2019Artistes Molenbeek 2014<\/h3>\n<p>Het Kunstenaarsparcours\/Parcours d\u2019artistes maakt gebruik van de uitstraling van \u2018Molenbeek culturele metropool 2014\u2019 om de creatie in al haar vormen in de kijker zetten. Beeldende kunst, video, dans, zang, keramiek en installaties gaan de dialoog aan met muziek, fotografie, scenografie en performance om een representatief overzicht van de hedendaagse creatie te geven.<\/p>\n<p>Sint-Jans- Molenbeek is een gemeente waar kruisbestuiving tussen verschillende culturen onontkoombaar is. De gemeente is doorheen de jaren uitgegroeid tot\u00a0 een vruchtbare grond voor kunst en creatie waar meerdere kunstenaars uit alle disciplines naast en met elkaar cre\u00ebren. Deze pool van ontwerpers, kunstenaars en ateliers verrijken niet alleen het leven van de gemeente, ze zijn deel van haar ziel.<\/p>\n<p>Sleutelwoorden doorheen het Parcours zijn ontdekking, verrassing en beweging. Aan de ontdekkingsdrang wordt voldaan door het rijke aanbod en diversiteit aan tentoongestelde werken. Ontmoetingen en initiatielessen met ervaren kunstenaars vullen de ontdekkingstocht aan.<\/p>\n<h3>3. Projectoproep<\/h3>\n<p>Deze oproep werd gelanceerd in het kader van het Kunstenaarsparcours\/ Parcours d\u2019artistes Molenbeek 2014 die plaatsvindt van 6 juni tot 8 juni 2014. De vernissage vindt plaats op vrijdag 6 juni tijdens een nocturne.<br \/>\nWij bieden:<\/p>\n<ul>\n<li>Een deelname aan het Kunstenaarsparcours \/ Parcours d\u2019artistes Molenbeek<\/li>\n<li>Een tentoonstellingsruimte van 350m\u00b2\u00a0 in de\u00a0 \u00ab Lavall\u00e9e Creative Spot \u00bb in de Koorstraat 47\u00a0 in 1080 Molenbeek<\/li>\n<li>De promotie van de tentoonstelling (uitnodigingen, nieuws, persberichten,\u2026)<\/li>\n<li>De organisatie van de vernissage<\/li>\n<li>Een vergoeding<\/li>\n<\/ul>\n<p><strong>Selectiecriteria :<\/strong><\/p>\n<ul>\n<li>Deze oproep staat open voor alle kunstenaars die in Belgi\u00eb wonen. Wonen of werken in Molenbeek is een troef maar geen beslissend criterium.<\/li>\n<li>De oproep richt zich naar alle artistieke disciplines: schilderkunst, fotografie, video, design, performance. De kunstenaar moet aanwezig kunnen zijn op de vernissage.<\/li>\n<\/ul>\n<p>De selectie gebeurt door een professionele jury uit de creatieve sector.<\/p>\n<p><strong>Planning<\/strong><\/p>\n<ul>\n<li>Lancering van de oproep : 9\/4<\/li>\n<li>Mogelijkheid tot een geleid bezoek van de ruimte vooraf. Deelname hieraan is niet verplicht\u00a0 en heeft geen weerslag op de uiteindelijke selectie. Reserveren verplicht bij Pierre\u00a0\u00a0<a href=\"mailto:&#x70;&#x65;&#x70;&#x40;&#x73;&#x6d;&#x61;&#x72;&#x74;&#x2e;&#x63;&#x6f;&#x6f;&#x70;\">&#x70;&#x65;&#x70;&#x40;<span class=\"oe_displaynone\">null<\/span>&#x73;&#x6d;&#x61;&#x72;&#x74;&#x2e;&#x63;&#x6f;&#x6f;&#x70;<\/a><br \/>\nDatum: woensdag 16\/4 en dinsdag 22\/04 om 14u<\/li>\n<li>Deadline dossiers : 25\/4\/2014<\/li>\n<li>Selectie door de jury : 5\/5<\/li>\n<\/ul>\n<p><strong>Lijst met aan te leveren documenten<\/strong><\/p>\n<p>Alleen dossiers die alle onderstaande elementen bevatten kunnen aanvaard worden:<\/p>\n<ul>\n<li>Inschrijvingsformulier (download <a href=\"https:\/\/smartbe.be\/wordpress\/..\/wp-content\/uploads\/2014\/04\/Inschrijvingsformulier_Projectoproep.pdf\" target=\"_blank\">hier<\/a>)<\/li>\n<li>Artistiek CV (in PDF of Word-formaat)<\/li>\n<li>Een algemene beschrijving van je werk (in PDF of Word-formaat)<\/li>\n<li>Foto\u2019s, documenten, \u2026 die je werk illustreren<\/li>\n<\/ul>\n<p>&nbsp;<\/p>","protected":false},"excerpt":{"rendered":"<p>Schilder- of beeldhouwkunst, fotografie, zang of muziek, dans of theater\u2026 alle creatieve disciplines komen in aanmerking. Raadpleeg de deelnemingsvoorwaarden hieronder. Ge\u00efnteresseerd? Deelnemen is eenvoudig: vul het deelnemingsformulier in en stuur het samen met de andere documenten (zie hieronder) naar Pierre &hellip;<\/p>\n","protected":false},"author":14,"featured_media":0,"comment_status":"closed","ping_status":"closed","sticky":false,"template":"","format":"standard","meta":{"footnotes":""},"categories":[161],"tags":[],"class_list":["post-5850","post","type-post","status-publish","format-standard","hentry","category-projectoproep"],"aioseo_notices":[],"_links":{"self":[{"href":"https:\/\/smartbe.be\/nl\/wp-json\/wp\/v2\/posts\/5850","targetHints":{"allow":["GET"]}}],"collection":[{"href":"https:\/\/smartbe.be\/nl\/wp-json\/wp\/v2\/posts"}],"about":[{"href":"https:\/\/smartbe.be\/nl\/wp-json\/wp\/v2\/types\/post"}],"author":[{"embeddable":true,"href":"https:\/\/smartbe.be\/nl\/wp-json\/wp\/v2\/users\/14"}],"replies":[{"embeddable":true,"href":"https:\/\/smartbe.be\/nl\/wp-json\/wp\/v2\/comments?post=5850"}],"version-history":[{"count":9,"href":"https:\/\/smartbe.be\/nl\/wp-json\/wp\/v2\/posts\/5850\/revisions"}],"predecessor-version":[{"id":5854,"href":"https:\/\/smartbe.be\/nl\/wp-json\/wp\/v2\/posts\/5850\/revisions\/5854"}],"wp:attachment":[{"href":"https:\/\/smartbe.be\/nl\/wp-json\/wp\/v2\/media?parent=5850"}],"wp:term":[{"taxonomy":"category","embeddable":true,"href":"https:\/\/smartbe.be\/nl\/wp-json\/wp\/v2\/categories?post=5850"},{"taxonomy":"post_tag","embeddable":true,"href":"https:\/\/smartbe.be\/nl\/wp-json\/wp\/v2\/tags?post=5850"}],"curies":[{"name":"wp","href":"https:\/\/api.w.org\/{rel}","templated":true}]}}