
{"id":21537,"date":"2017-11-13T11:08:52","date_gmt":"2017-11-13T10:08:52","guid":{"rendered":"http:\/\/smartbe.be\/?p=21537\/"},"modified":"2017-11-28T17:01:50","modified_gmt":"2017-11-28T16:01:50","slug":"smart-op-tour-antwerpen","status":"publish","type":"post","link":"https:\/\/smartbe.be\/nl\/news\/smart-op-tour-antwerpen\/","title":{"rendered":"Smart op tour in Antwerpen"},"content":{"rendered":"<p><strong><br \/>\nStart je eigen zaak<\/strong> &#8211; Winkelhaak Antwerpen &#8211; 13u tot 17u:<\/p>\n<p>Op<strong> 20 november<\/strong> delen we het podium met Starterslabo, Unizo, Xerius, Microstart en de Stad Antwerpen op de Infodag \u201cStart je eigen zaak\u201d in de Winkelhaak in Antwerpen.<\/p>\n<p><strong>Dag van de co\u00f6peratie<\/strong> &#8211; Elzenveld Antwerpen-14 u tot 20u30:<\/p>\n<p>Coopkracht, Cera en Febecoop nodigen je uit op woensdag<strong> 22 november<\/strong> 2017 in Antwerpen voor de Dag van de Co\u00f6peratie, h\u00e9t netwerk- en kennisevent voor co\u00f6peratief Vlaanderen. Het thema van deze dag is &#8220;Co\u00f6peraties \u2013 zuurstof voor een betere economie en samenleving\u201d.<br \/>\nJe kan er deelnemen aan talloze workshops, onder andere die over het co\u00f6peratief model van Smart geleid door Thomas Blondeel.<\/p>\n<p>Meer info en inschrijven via de <a href=\"http:\/\/www.coopdag.be\/#not-set:all\" target=\"_blank\">website<\/a> of <a href=\"https:\/\/www.facebook.com\/events\/322833948138305\/\" target=\"_blank\">facebook<\/a>. Co\u00f6peranten van Smart kopen hun ticket aan een voordeliger tarief.<\/p>\n<p>Tot dan?<\/p>","protected":false},"excerpt":{"rendered":"<p>Start je eigen zaak &#8211; Winkelhaak Antwerpen &#8211; 13u tot 17u: Op 20 november delen we het podium met Starterslabo, Unizo, Xerius, Microstart en de Stad Antwerpen op de Infodag \u201cStart je eigen zaak\u201d in de Winkelhaak in Antwerpen. Dag &hellip;<\/p>\n","protected":false},"author":43,"featured_media":21538,"comment_status":"closed","ping_status":"closed","sticky":false,"template":"","format":"standard","meta":{"footnotes":""},"categories":[261],"tags":[],"class_list":["post-21537","post","type-post","status-publish","format-standard","has-post-thumbnail","hentry","category-appel-a-projets-nl"],"aioseo_notices":[],"_links":{"self":[{"href":"https:\/\/smartbe.be\/nl\/wp-json\/wp\/v2\/posts\/21537","targetHints":{"allow":["GET"]}}],"collection":[{"href":"https:\/\/smartbe.be\/nl\/wp-json\/wp\/v2\/posts"}],"about":[{"href":"https:\/\/smartbe.be\/nl\/wp-json\/wp\/v2\/types\/post"}],"author":[{"embeddable":true,"href":"https:\/\/smartbe.be\/nl\/wp-json\/wp\/v2\/users\/43"}],"replies":[{"embeddable":true,"href":"https:\/\/smartbe.be\/nl\/wp-json\/wp\/v2\/comments?post=21537"}],"version-history":[{"count":3,"href":"https:\/\/smartbe.be\/nl\/wp-json\/wp\/v2\/posts\/21537\/revisions"}],"predecessor-version":[{"id":21541,"href":"https:\/\/smartbe.be\/nl\/wp-json\/wp\/v2\/posts\/21537\/revisions\/21541"}],"wp:featuredmedia":[{"embeddable":true,"href":"https:\/\/smartbe.be\/nl\/wp-json\/wp\/v2\/media\/21538"}],"wp:attachment":[{"href":"https:\/\/smartbe.be\/nl\/wp-json\/wp\/v2\/media?parent=21537"}],"wp:term":[{"taxonomy":"category","embeddable":true,"href":"https:\/\/smartbe.be\/nl\/wp-json\/wp\/v2\/categories?post=21537"},{"taxonomy":"post_tag","embeddable":true,"href":"https:\/\/smartbe.be\/nl\/wp-json\/wp\/v2\/tags?post=21537"}],"curies":[{"name":"wp","href":"https:\/\/api.w.org\/{rel}","templated":true}]}}