
{"id":16371,"date":"2016-04-26T15:47:16","date_gmt":"2016-04-26T14:47:16","guid":{"rendered":"http:\/\/smartbe.be\/fr\/?p=16371"},"modified":"2016-05-13T11:26:09","modified_gmt":"2016-05-13T10:26:09","slug":"projectoproep-smart-ways-turino-luik","status":"publish","type":"post","link":"https:\/\/smartbe.be\/nl\/news\/projectoproep-smart-ways-turino-luik\/","title":{"rendered":"Projectoproep: Smart ways- Turino-Luik."},"content":{"rendered":"<p>SMart Belgi\u00eb en Itali\u00eb geven de kans aan \u00e9\u00e9n of een duo muzikanten om op 18 juni 2016 in Turijn te spelen. Op diezelfde datum zal een Italiaan , duo of solo, in <a href=\"http:\/\/lanvert.be\/\" target=\"_blank\">L&#8217;An Vert<\/a> in Luik optreden, in het voorprogramma van Manu Louis.<\/p>\n<p>De Belgische laureaat zal op 18 juni om 20u00 spelen in Turijn. Het <a href=\"http:\/\/www.festadellamusicatorino.it\/\" data-cke-saved-href=\"http:\/\/www.festadellamusicatorino.it\/\">Festa della Musica di Torino<\/a>\u00a0zal de muzikant (en) verwelkomen en vergezellen tijdens hun verblijf.<\/p>\n<p><strong>Voorwaarden:<\/strong><\/p>\n<ul>\n<li>Deze oproep is gericht aan alle muzikanten (duo of solo).<\/li>\n<li>Alle muziekgenres zijn welkom.<\/li>\n<li>Het concert moet overwegend\u00a0 een originele uitvoering zijn.<\/li>\n<li>Beschikbaar zijn\u00a0tussen 17 en 21 juni 2016 (al naargelang de vluchturen).<\/li>\n<li>Het onthaal, het cachet en de verplaatsing zijn voor onze rekening.<\/li>\n<\/ul>\n<h3>Hoe deelnemen?<\/h3>\n<p>Bezorg ons voor 6 mei:<\/p>\n<ul>\n<li>een link naar uw werk<\/li>\n<li>een biografie<\/li>\n<li>een technische fiche<\/li>\n<li>een foto<\/li>\n<\/ul>\n<p>Stuur uw dossier door naar\u00a0: <a href=\"mailto:&#x69;&#x6e;&#x66;&#x6f;&#x40;&#x73;&#x6d;&#x61;&#x72;&#x74;&#x2d;&#x69;&#x74;&#x2e;&#x6f;&#x72;&#x67;\">&#x69;&#x6e;&#x66;&#x6f;&#x40;<span class=\"oe_displaynone\">null<\/span>&#x73;&#x6d;&#x61;&#x72;&#x74;&#x2d;&#x69;&#x74;&#x2e;&#x6f;&#x72;&#x67;<\/a><\/p>\n<h3>Jury<\/h3>\n<p>Voor de Belgische deelname, zal Smart Itali\u00eb en het <a href=\"http:\/\/www.festadellamusicatorino.it\/\">Festa della Musica di Torino<\/a>\u00a0beslissen. De winnaar(s) worden bekend gemaakt op 10 mei 2016.<\/p>\n<p>\u25ba <strong>Vragen?, contact\u00a0: <a href=\"mailto:&#x69;&#x6e;&#x66;&#x6f;&#x40;&#x73;&#x6d;&#x61;&#x72;&#x74;&#x2d;&#x69;&#x74;&#x2e;&#x6f;&#x72;&#x67;\">&#x69;&#x6e;&#x66;&#x6f;&#x40;<span class=\"oe_displaynone\">null<\/span>&#x73;&#x6d;&#x61;&#x72;&#x74;&#x2d;&#x69;&#x74;&#x2e;&#x6f;&#x72;&#x67;<\/a>\u00a0<\/strong><\/p>","protected":false},"excerpt":{"rendered":"<p>SMart Belgi\u00eb en Itali\u00eb geven de kans aan \u00e9\u00e9n of een duo muzikanten om op 18 juni 2016 in Turijn te spelen. Op diezelfde datum zal een Italiaan , duo of solo, in L&#8217;An Vert in Luik optreden, in het &hellip;<\/p>\n","protected":false},"author":22,"featured_media":16331,"comment_status":"closed","ping_status":"closed","sticky":false,"template":"","format":"standard","meta":{"footnotes":""},"categories":[15],"tags":[],"class_list":["post-16371","post","type-post","status-publish","format-standard","has-post-thumbnail","hentry","category-annonces"],"aioseo_notices":[],"_links":{"self":[{"href":"https:\/\/smartbe.be\/nl\/wp-json\/wp\/v2\/posts\/16371","targetHints":{"allow":["GET"]}}],"collection":[{"href":"https:\/\/smartbe.be\/nl\/wp-json\/wp\/v2\/posts"}],"about":[{"href":"https:\/\/smartbe.be\/nl\/wp-json\/wp\/v2\/types\/post"}],"author":[{"embeddable":true,"href":"https:\/\/smartbe.be\/nl\/wp-json\/wp\/v2\/users\/22"}],"replies":[{"embeddable":true,"href":"https:\/\/smartbe.be\/nl\/wp-json\/wp\/v2\/comments?post=16371"}],"version-history":[{"count":1,"href":"https:\/\/smartbe.be\/nl\/wp-json\/wp\/v2\/posts\/16371\/revisions"}],"predecessor-version":[{"id":16372,"href":"https:\/\/smartbe.be\/nl\/wp-json\/wp\/v2\/posts\/16371\/revisions\/16372"}],"wp:featuredmedia":[{"embeddable":true,"href":"https:\/\/smartbe.be\/nl\/wp-json\/wp\/v2\/media\/16331"}],"wp:attachment":[{"href":"https:\/\/smartbe.be\/nl\/wp-json\/wp\/v2\/media?parent=16371"}],"wp:term":[{"taxonomy":"category","embeddable":true,"href":"https:\/\/smartbe.be\/nl\/wp-json\/wp\/v2\/categories?post=16371"},{"taxonomy":"post_tag","embeddable":true,"href":"https:\/\/smartbe.be\/nl\/wp-json\/wp\/v2\/tags?post=16371"}],"curies":[{"name":"wp","href":"https:\/\/api.w.org\/{rel}","templated":true}]}}