
{"id":8524,"date":"2014-09-30T14:40:06","date_gmt":"2014-09-30T13:40:06","guid":{"rendered":"http:\/\/smartbe.be\/?p=8524"},"modified":"2014-09-30T15:38:59","modified_gmt":"2014-09-30T14:38:59","slug":"festival-des-libertes-bxl-16-2510","status":"publish","type":"post","link":"https:\/\/smartbe.be\/fr\/news\/festival-des-libertes-bxl-16-2510\/","title":{"rendered":"Festival des Libert\u00e9s &#8211; Bxl 16-25\/10"},"content":{"rendered":"<p><a href=\"https:\/\/smartbe.be\/wordpress\/..\/wp-content\/uploads\/2014\/09\/festivaldeslibert\u00e9s1.png\"><img loading=\"lazy\" decoding=\"async\" class=\"size-medium wp-image-8527 alignright\" alt=\"festivaldeslibert\u00e9s\" src=\"https:\/\/smartbe.be\/wordpress\/..\/wp-content\/uploads\/2014\/09\/festivaldeslibert\u00e9s1-300x111.png\" width=\"356\" height=\"131\" srcset=\"https:\/\/smartbe.be\/wp-content\/uploads\/2014\/09\/festivaldeslibert\u00e9s1-300x111.png 300w, https:\/\/smartbe.be\/wp-content\/uploads\/2014\/09\/festivaldeslibert\u00e9s1-500x185.png 500w, https:\/\/smartbe.be\/wp-content\/uploads\/2014\/09\/festivaldeslibert\u00e9s1-290x107.png 290w, https:\/\/smartbe.be\/wp-content\/uploads\/2014\/09\/festivaldeslibert\u00e9s1.png 851w\" sizes=\"auto, (max-width: 356px) 100vw, 356px\" \/><\/a><strong>D\u00e9troit, Fabrice Murgia, Arno, MF Doom, Jo\u00ebl Pommerat, Les T\u00eates Raides<\/strong>&#8230; L&rsquo;affiche de la 11e \u00e9dition du Festival est riche. Outre les spectacles, de nombreux d\u00e9bats seront organis\u00e9s. Le th\u00e8me de cette ann\u00e9e: \u00ab\u00a0Ob\u00e9ir &#8211; D\u00e9sob\u00e9ir\u00a0\u00bb.<\/p>\n<p>Le programme complet est disponible <a href=\"http:\/\/www.festivaldeslibertes.be\/2014\/fase6?event=14000&amp;_News____#14000\">sur le site du Festival<\/a>.<\/p>\n<p>Sur pr\u00e9sentation de votre attestation d&rsquo;affiliation (disponible sous l&rsquo;onglet \u00ab\u00a0Vos documents\u00a0\u00bb dans votre espace personnel) \u00e0 la billetterie du Festival, vous b\u00e9n\u00e9ficiez de <strong>5\u20ac de r\u00e9duction sur le prix des concerts<\/strong>. Quant au \u00ab\u00a0<strong>Pass Films\u00a0\u00bb<\/strong>, il ne co\u00fbtera que <strong>20\u20ac<\/strong> (au lieu de 30\u20ac) \u00e0 nos membres.<\/p>\n<p>&nbsp;<\/p>","protected":false},"excerpt":{"rendered":"<p>D\u00e9troit, Fabrice Murgia, Arno, MF Doom, Jo\u00ebl Pommerat, Les T\u00eates Raides&#8230; L&rsquo;affiche de la 11e \u00e9dition du Festival est riche. Outre les spectacles, de nombreux d\u00e9bats seront organis\u00e9s. Le th\u00e8me de cette ann\u00e9e: \u00ab\u00a0Ob\u00e9ir &#8211; D\u00e9sob\u00e9ir\u00a0\u00bb. Le programme complet est &hellip;<\/p>\n","protected":false},"author":6,"featured_media":0,"comment_status":"closed","ping_status":"closed","sticky":false,"template":"","format":"standard","meta":{"footnotes":""},"categories":[15],"tags":[],"class_list":["post-8524","post","type-post","status-publish","format-standard","hentry","category-annonces"],"aioseo_notices":[],"_links":{"self":[{"href":"https:\/\/smartbe.be\/fr\/wp-json\/wp\/v2\/posts\/8524","targetHints":{"allow":["GET"]}}],"collection":[{"href":"https:\/\/smartbe.be\/fr\/wp-json\/wp\/v2\/posts"}],"about":[{"href":"https:\/\/smartbe.be\/fr\/wp-json\/wp\/v2\/types\/post"}],"author":[{"embeddable":true,"href":"https:\/\/smartbe.be\/fr\/wp-json\/wp\/v2\/users\/6"}],"replies":[{"embeddable":true,"href":"https:\/\/smartbe.be\/fr\/wp-json\/wp\/v2\/comments?post=8524"}],"version-history":[{"count":5,"href":"https:\/\/smartbe.be\/fr\/wp-json\/wp\/v2\/posts\/8524\/revisions"}],"predecessor-version":[{"id":8548,"href":"https:\/\/smartbe.be\/fr\/wp-json\/wp\/v2\/posts\/8524\/revisions\/8548"}],"wp:attachment":[{"href":"https:\/\/smartbe.be\/fr\/wp-json\/wp\/v2\/media?parent=8524"}],"wp:term":[{"taxonomy":"category","embeddable":true,"href":"https:\/\/smartbe.be\/fr\/wp-json\/wp\/v2\/categories?post=8524"},{"taxonomy":"post_tag","embeddable":true,"href":"https:\/\/smartbe.be\/fr\/wp-json\/wp\/v2\/tags?post=8524"}],"curies":[{"name":"wp","href":"https:\/\/api.w.org\/{rel}","templated":true}]}}