
{"id":7061,"date":"2015-05-13T08:37:47","date_gmt":"2015-05-13T07:37:47","guid":{"rendered":"http:\/\/smartbe.be\/?p=7061"},"modified":"2015-05-13T16:17:03","modified_gmt":"2015-05-13T15:17:03","slug":"appel-aux-createurs-de-theatre-jeune-public","status":"publish","type":"post","link":"https:\/\/smartbe.be\/fr\/news\/appel-aux-createurs-de-theatre-jeune-public\/","title":{"rendered":"Appel aux cr\u00e9ateurs de th\u00e9\u00e2tre jeune public"},"content":{"rendered":"<p>Chaque ann\u00e9e, le temps d\u2019un festival, Mons met le th\u00e9\u00e2tre \u00e0 l\u2019honneur et transforme ses rues en sc\u00e8nes. En vue de soutenir les cr\u00e9ateurs de th\u00e9\u00e2tre pour jeune public, nous poursuivons notre collaboration avec la Ville de Mons pour la programmation d&rsquo;une sc\u00e8ne sp\u00e9cifique d\u00e9di\u00e9e \u00e0 un jeune public (enfants et jeunes ados). Les sc\u00e8nes de Smart se tiendront\u00a0le samedi 19 septembre.<\/p>\n<p>Pour participer \u00e0 cette journ\u00e9e, envoyez-nous votre dossier <strong>avant le 1er juillet <\/strong>\u00e0 l&rsquo;adresse<strong> <a href=\"mailto:&#x6d;&#x6f;&#x6e;&#x73;&#x40;&#x73;&#x6d;&#x61;&#x72;&#x74;&#x2e;&#x63;&#x6f;&#x6f;&#x70;\">&#x6d;&#x6f;&#x6e;&#x73;&#x40;<span class=\"oe_displaynone\">null<\/span>&#x73;&#x6d;&#x61;&#x72;&#x74;&#x2e;&#x63;&#x6f;&#x6f;&#x70;<\/a>\u00a0<\/strong>ou par la poste :\u00a012, rue des Belneux \u00a0\u2013 7000 Mons.<\/p>\n<p>Votre dossier doit comporter:<br \/>\n\u2022\u00a0\u00a0\u00a0 un petit dossier de pr\u00e9sentation de votre spectacle<br \/>\n\u2022\u00a0\u00a0\u00a0 une fiche technique<br \/>\n\u2022\u00a0\u00a0\u00a0 une photo (bonne qualit\u00e9)<br \/>\n\u2022\u00a0\u00a0\u00a0 <strong>le cachet demand\u00e9<\/strong><\/p>\n<p>Dur\u00e9e maximum de la prestation: 60 minutes.<\/p>\n<p>A tr\u00e8s bient\u00f4t durant le festival \u00ab\u00a0Th\u00e9\u00e2tre en Rue\u00a0\u00bb!<\/p>\n<p>Plus d&rsquo;info? Contactez-nous \u00e0 l&rsquo;adresse\u00a0<a href=\"mailto:&#x6d;&#x6f;&#x6e;&#x73;&#x40;&#x73;&#x6d;&#x61;&#x72;&#x74;&#x2e;&#x63;&#x6f;&#x6f;&#x70;\">&#x6d;&#x6f;&#x6e;&#x73;&#x40;<span class=\"oe_displaynone\">null<\/span>&#x73;&#x6d;&#x61;&#x72;&#x74;&#x2e;&#x63;&#x6f;&#x6f;&#x70;<\/a>\u00a0ou par t\u00e9l\u00e9phone au\u00a0: 065\/31.92.21<\/p>","protected":false},"excerpt":{"rendered":"<p>Chaque ann\u00e9e, le temps d\u2019un festival, Mons met le th\u00e9\u00e2tre \u00e0 l\u2019honneur et transforme ses rues en sc\u00e8nes. En vue de soutenir les cr\u00e9ateurs de th\u00e9\u00e2tre pour jeune public, nous poursuivons notre collaboration avec la Ville de Mons pour la &hellip;<\/p>\n","protected":false},"author":3,"featured_media":7159,"comment_status":"closed","ping_status":"closed","sticky":false,"template":"","format":"standard","meta":{"footnotes":""},"categories":[153],"tags":[],"class_list":["post-7061","post","type-post","status-publish","format-standard","has-post-thumbnail","hentry","category-appel-a-projets"],"aioseo_notices":[],"_links":{"self":[{"href":"https:\/\/smartbe.be\/fr\/wp-json\/wp\/v2\/posts\/7061","targetHints":{"allow":["GET"]}}],"collection":[{"href":"https:\/\/smartbe.be\/fr\/wp-json\/wp\/v2\/posts"}],"about":[{"href":"https:\/\/smartbe.be\/fr\/wp-json\/wp\/v2\/types\/post"}],"author":[{"embeddable":true,"href":"https:\/\/smartbe.be\/fr\/wp-json\/wp\/v2\/users\/3"}],"replies":[{"embeddable":true,"href":"https:\/\/smartbe.be\/fr\/wp-json\/wp\/v2\/comments?post=7061"}],"version-history":[{"count":16,"href":"https:\/\/smartbe.be\/fr\/wp-json\/wp\/v2\/posts\/7061\/revisions"}],"predecessor-version":[{"id":11284,"href":"https:\/\/smartbe.be\/fr\/wp-json\/wp\/v2\/posts\/7061\/revisions\/11284"}],"wp:featuredmedia":[{"embeddable":true,"href":"https:\/\/smartbe.be\/fr\/wp-json\/wp\/v2\/media\/7159"}],"wp:attachment":[{"href":"https:\/\/smartbe.be\/fr\/wp-json\/wp\/v2\/media?parent=7061"}],"wp:term":[{"taxonomy":"category","embeddable":true,"href":"https:\/\/smartbe.be\/fr\/wp-json\/wp\/v2\/categories?post=7061"},{"taxonomy":"post_tag","embeddable":true,"href":"https:\/\/smartbe.be\/fr\/wp-json\/wp\/v2\/tags?post=7061"}],"curies":[{"name":"wp","href":"https:\/\/api.w.org\/{rel}","templated":true}]}}