
{"id":6887,"date":"2014-05-26T09:53:33","date_gmt":"2014-05-26T08:53:33","guid":{"rendered":"http:\/\/smartbe.be\/?p=6887"},"modified":"2014-06-06T09:56:05","modified_gmt":"2014-06-06T08:56:05","slug":"parcours-dartistes-molenbeek-2014-35-oeuvres-decouvrir-dans-un-nouvel-espace-de-coworking","status":"publish","type":"post","link":"https:\/\/smartbe.be\/fr\/news\/parcours-dartistes-molenbeek-2014-35-oeuvres-decouvrir-dans-un-nouvel-espace-de-coworking\/","title":{"rendered":"Parcours d\u2019Artistes Molenbeek 2014: 35 oeuvres \u00e0 d\u00e9couvrir dans un nouvel espace de coworking"},"content":{"rendered":"<p><strong>5000 m\u00e8tres carr\u00e9s d\u2019ateliers partag\u00e9s et de salles d\u2019exposition : le Lavall\u00e9e Creative Spot ouvrira bient\u00f4t ses portes au c\u0153ur d\u2019un quartier en pleine expansion. Venez le d\u00e9couvrir en avant-premi\u00e8re du 6 au 8 juin prochains \u00e0 l\u2019occasion du Parcours d\u2019Artistes Molenbeek 2014.<\/strong><\/p>\n<p>Les espaces de coworking fleurissent \u00e0 Bruxelles : le <a href=\"http:\/\/www.creativespot.be\/\" target=\"_blank\">Lavall\u00e9e Creative Spot<\/a> s\u2019inscrit dans cette tendance, en ciblant les artistes et cr\u00e9atifs \u00e0 la recherche d\u2019un lieu de travail partag\u00e9. Dans les b\u00e2timents de la rue du Ch\u0153ur \u00e0 Molenbeek, salles d\u2019exposition et de r\u00e9p\u00e9tition, studio multidisciplinaire, ateliers et r\u00e9sidences d\u2019artistes sont disponibles. La location de ces espaces s\u2019accompagne de tous les services utiles \u00e0 la pratique des occupants. Ce nouveau lieu fait partie du r\u00e9seau des Creative Spots, qui compte d\u00e9j\u00e0 les espaces de coworking de la rue Kessels \u00e0 Schaerbeek, les locaux de la Brussels Art Factory \u00e0 Saint-Gilles et ceux du Centre de Cr\u00e9ation des Tanneurs \u00e0 Li\u00e8ge.<\/p>\n<p style=\"text-align: center;\"><a href=\"https:\/\/smartbe.be\/wordpress\/..\/wp-content\/uploads\/2014\/05\/GAR_news.jpg\"><img loading=\"lazy\" decoding=\"async\" class=\"wp-image-6894 aligncenter\" style=\"border: 0px none;\" alt=\"\u0152uvre de Bilal Bahir \" src=\"https:\/\/smartbe.be\/wordpress\/..\/wp-content\/uploads\/2014\/05\/GAR_news.jpg\" width=\"300\" height=\"404\" srcset=\"https:\/\/smartbe.be\/wp-content\/uploads\/2014\/05\/GAR_news.jpg 951w, https:\/\/smartbe.be\/wp-content\/uploads\/2014\/05\/GAR_news-222x300.jpg 222w, https:\/\/smartbe.be\/wp-content\/uploads\/2014\/05\/GAR_news-759x1024.jpg 759w, https:\/\/smartbe.be\/wp-content\/uploads\/2014\/05\/GAR_news-290x390.jpg 290w\" sizes=\"auto, (max-width: 300px) 100vw, 300px\" \/><\/a><\/p>\n<p>L\u2019inauguration officielle du Lavall\u00e9e Creative Spot aura lieu le 17 septembre prochain; l\u2019espace sera toutefois accessible en avant-premi\u00e8re du 6 au 8 juin \u00e0 l\u2019occasion du Parcours d\u2019Artistes \u2013 Molenbeek 2014. Les \u0153uvres de 11 artistes seront pr\u00e9sent\u00e9es: <a href=\"http:\/\/www.annekelauwaert.com\/\" target=\"_blank\">Lauwaert Anneke<\/a> (installation et sculpture) &#8211; <a href=\"http:\/\/bilalbahir.over-blog.com\/\" target=\"_blank\">Bahir Bilal<\/a> (installation, peinture et sculpture) &#8211; <a href=\"http:\/\/tram81.be\/\" target=\"_blank\">Sauvand Coline <\/a>(dessin et illustration) &#8211; Taraskoff Marc (peinture et illustration) &#8211; <a href=\"http:\/\/www.zenofilms.be\/\" target=\"_blank\">Z\u00e9no Thierry<\/a> (installation vid\u00e9o) &#8211; <a href=\"http:\/\/noegrenier.tumblr.com\/\" target=\"_blank\">Grenier No\u00e9 <\/a>(installation, photo et image) &#8211; <a href=\"http:\/\/www.justynakuklo.eu\/\" target=\"_blank\">Kuklo Justyna<\/a> (peinture) &#8211; <a href=\"http:\/\/www.vassilyo.com\/artwork.html\" target=\"_blank\">Economidis Vassilis<\/a> (peinture) &#8211; Surviladze Merab (peinture) &#8211; <a href=\"http:\/\/www.lucasracasse.com\/\" target=\"_blank\">Racasse Lucas<\/a> (bootleg illustration) &#8211; <a href=\"http:\/\/precipite.wordpress.com\/\" target=\"_blank\">Menesson Ludovic <\/a>(sculpture). Vous pourrez les rencontrer lors du vernissage qui aura lieu le vendredi 6 juin d\u00e8s 18h.<\/p>\n<p>Un workshop avec Jean-Paul Lespagnard, c\u00e9l\u00e8bre couturier, est \u00e9galement organis\u00e9 ce jour-l\u00e0 au Lavall\u00e9e Creative Spot par la Maison des cultures et de la coh\u00e9sion sociale de Molenbeek. Infos et inscription : 02\/415 96 12<\/p>\n<p>Pour plus d&rsquo;infos sur le parcours, cliquez <a href=\"http:\/\/www.parcours1080.be\/\" target=\"_blank\">ici<\/a>.<\/p>\n<p>&#8212;&#8212;&#8212;&#8212;&#8212;&#8212;-<\/p>\n<p>En collaboration avec:<\/p>\n<p><a href=\"http:\/\/visitbrussels.be\/bitc\/BE_fr\/minisite_molenbeek2014.do\" target=\"_blank\"><img decoding=\"async\" class=\"alignnone  wp-image-6709\" style=\"border: 0px none; margin-left: 5px; margin-right: 5px;\" alt=\"molenbeek\" src=\"https:\/\/smartbe.be\/wordpress\/..\/wp-content\/uploads\/2014\/05\/molenbeek.jpg\" width=\"150\" srcset=\"https:\/\/smartbe.be\/wp-content\/uploads\/2014\/05\/molenbeek.jpg 410w, https:\/\/smartbe.be\/wp-content\/uploads\/2014\/05\/molenbeek-300x147.jpg 300w, https:\/\/smartbe.be\/wp-content\/uploads\/2014\/05\/molenbeek-290x142.jpg 290w\" sizes=\"(max-width: 410px) 100vw, 410px\" \/><\/a><a href=\"http:\/\/www.lamaison1080hethuis.be\/\" target=\"_blank\"><img loading=\"lazy\" decoding=\"async\" class=\"alignnone  wp-image-6889\" style=\"border: 0px none; margin-left: 5px; margin-right: 5px;\" alt=\"logo_MCCS\" src=\"https:\/\/smartbe.be\/wordpress\/..\/wp-content\/uploads\/2014\/05\/logo_MCCS.jpg\" width=\"160\" height=\"60\" \/><\/a><\/p>\n<p>&nbsp;<\/p>","protected":false},"excerpt":{"rendered":"<p>5000 m\u00e8tres carr\u00e9s d\u2019ateliers partag\u00e9s et de salles d\u2019exposition : le Lavall\u00e9e Creative Spot ouvrira bient\u00f4t ses portes au c\u0153ur d\u2019un quartier en pleine expansion. Venez le d\u00e9couvrir en avant-premi\u00e8re du 6 au 8 juin prochains \u00e0 l\u2019occasion du Parcours &hellip;<\/p>\n","protected":false},"author":14,"featured_media":0,"comment_status":"closed","ping_status":"closed","sticky":false,"template":"","format":"standard","meta":{"footnotes":""},"categories":[24],"tags":[],"class_list":["post-6887","post","type-post","status-publish","format-standard","hentry","category-evenements"],"aioseo_notices":[],"_links":{"self":[{"href":"https:\/\/smartbe.be\/fr\/wp-json\/wp\/v2\/posts\/6887","targetHints":{"allow":["GET"]}}],"collection":[{"href":"https:\/\/smartbe.be\/fr\/wp-json\/wp\/v2\/posts"}],"about":[{"href":"https:\/\/smartbe.be\/fr\/wp-json\/wp\/v2\/types\/post"}],"author":[{"embeddable":true,"href":"https:\/\/smartbe.be\/fr\/wp-json\/wp\/v2\/users\/14"}],"replies":[{"embeddable":true,"href":"https:\/\/smartbe.be\/fr\/wp-json\/wp\/v2\/comments?post=6887"}],"version-history":[{"count":8,"href":"https:\/\/smartbe.be\/fr\/wp-json\/wp\/v2\/posts\/6887\/revisions"}],"predecessor-version":[{"id":6897,"href":"https:\/\/smartbe.be\/fr\/wp-json\/wp\/v2\/posts\/6887\/revisions\/6897"}],"wp:attachment":[{"href":"https:\/\/smartbe.be\/fr\/wp-json\/wp\/v2\/media?parent=6887"}],"wp:term":[{"taxonomy":"category","embeddable":true,"href":"https:\/\/smartbe.be\/fr\/wp-json\/wp\/v2\/categories?post=6887"},{"taxonomy":"post_tag","embeddable":true,"href":"https:\/\/smartbe.be\/fr\/wp-json\/wp\/v2\/tags?post=6887"}],"curies":[{"name":"wp","href":"https:\/\/api.w.org\/{rel}","templated":true}]}}