
{"id":6548,"date":"2014-05-08T09:23:18","date_gmt":"2014-05-08T08:23:18","guid":{"rendered":"http:\/\/smartbe.be\/?p=6548"},"modified":"2014-05-09T09:43:17","modified_gmt":"2014-05-09T08:43:17","slug":"meetconnect-rencontres-et-reseautage-autour-du-jazz-bxl-2405","status":"publish","type":"post","link":"https:\/\/smartbe.be\/fr\/news\/meetconnect-rencontres-et-reseautage-autour-du-jazz-bxl-2405\/","title":{"rendered":"Meet&#038;Connect: rencontres et r\u00e9seautage autour du jazz &#8211; Bxl 24\/05"},"content":{"rendered":"<p><strong>Dans le cadre du Jazz Marathon, le BIP nous accueille le samedi 24 mai pour une rencontre avec Tuur Florizoone. Cet \u00e9v\u00e9nement s&rsquo;organise dans le cadre des \u00ab\u00a0Meet&amp;Connect\u00a0\u00bb, un rendez-vous de partage des connaissances professionnelles, secteur par secteur.<\/strong><\/p>\n<p>Le th\u00e8me de ce Meet&amp;Connect: \u00ab\u00a0Rencontres et r\u00e9seautage autour du jazz\u00a0\u00bb. Vous pourrez profiter de ce moment pour \u00e9changer avec d\u2019autres professionnels du secteur, pour vous transmettre des infos, des bons filons, des id\u00e9es, et pourquoi pas imaginer des collaborations. Une opportunit\u00e9 d\u2019\u00e9largir votre r\u00e9seau et de partager vos exp\u00e9riences. Ce sera \u00e9galement l\u2019occasion de rencontrer <a href=\"http:\/\/www.tuurflorizoone.be\/\" target=\"_blank\">Tuur Florizoone<\/a>.<\/p>\n<p style=\"text-align: center;\"><a href=\"https:\/\/smartbe.be\/wordpress\/..\/wp-content\/uploads\/2014\/05\/florizoone_tuur_bystephanvanfleteren.jpg\"><img loading=\"lazy\" decoding=\"async\" class=\"size-medium wp-image-6549 aligncenter\" title=\"Tuur Florizoone\" alt=\"florizoone_tuur_bystephanvanfleteren\" src=\"https:\/\/smartbe.be\/wordpress\/..\/wp-content\/uploads\/2014\/05\/florizoone_tuur_bystephanvanfleteren-240x300.jpg\" width=\"240\" height=\"300\" srcset=\"https:\/\/smartbe.be\/wp-content\/uploads\/2014\/05\/florizoone_tuur_bystephanvanfleteren-240x300.jpg 240w, https:\/\/smartbe.be\/wp-content\/uploads\/2014\/05\/florizoone_tuur_bystephanvanfleteren-290x362.jpg 290w, https:\/\/smartbe.be\/wp-content\/uploads\/2014\/05\/florizoone_tuur_bystephanvanfleteren.jpg 376w\" sizes=\"auto, (max-width: 240px) 100vw, 240px\" \/><\/a><\/p>\n<p>Accord\u00e9oniste, pianiste et compositeur, Tuur Florizoone est n\u00e9 \u00e0 Louvain en 1978. Il a \u00e9tudi\u00e9 le piano jazz et la composition au Conservatoire de Bruxelles. Bien qu\u2019autodidacte de l\u2019accord\u00e9on, il l\u2019enseigne aujourd\u2019hui au Conservatoire de jazz de Gand.<\/p>\n<p>A son actif, la cr\u00e9ation du groupe Tricycle en 1999 puis du trio musical Massot\/Florizoone\/Horbaczewski en 2006. Tuur a \u00e9galement particip\u00e9 \u00e0 de nombreux projets aux c\u00f4t\u00e9s de Quentin Dujardin, Garrett List ou encore Philip Catherine.<br \/>\nSon exp\u00e9rience de compositeur s\u2019est concr\u00e9tis\u00e9e dans la cr\u00e9ation de musique de films \u2013 dont \u00abAanrijding in Moscou\u00bb, pour lequel il a obtenu le prix du public au World Soundtrack Awards en 2008 -, de spectacles ou de t\u00e9l\u00e9vision.<\/p>\n<p>La rencontre se cl\u00f4turera autour d\u2019un verre, une mani\u00e8re plus conviviale de poursuivre la discussion.<\/p>\n<p><strong>Infos pratiques:<\/strong><\/p>\n<ul>\n<li><strong>Quand ?<\/strong> Samedi 24 mai de 17h \u00e0 20h30<\/li>\n<li><strong>O\u00f9 ?<\/strong> BIP &#8211; <a href=\"http:\/\/www.biponline.be\/\" target=\"_blank\">Bruxelles Info Place<\/a> (salle Zinneke), rue Royale 2-4, 1000 Bruxelles (<a href=\"http:\/\/goo.gl\/maps\/7Z9hQ\" target=\"_blank\">plan<\/a>)<\/li>\n<li><strong>Entr\u00e9e libre<\/strong> mais inscription demand\u00e9e via ce <a href=\"https:\/\/www.eventbrite.fr\/e\/inscription-meetconnect-jazz-bruxelles-2405-11552559015\" target=\"_blank\">lien<\/a> &#8211; Drink offert<\/li>\n<li><strong>Info<\/strong>: <a href=\"mailto:&#x77;&#x69;&#x64;&#x40;&#x73;&#x6d;&#x61;&#x72;&#x74;&#x2e;&#x63;&#x6f;&#x6f;&#x70; \" target=\"_blank\">&#x77;&#x69;&#x64;&#x40;<span class=\"oe_displaynone\">null<\/span>&#x73;&#x6d;&#x61;&#x72;&#x74;&#x2e;&#x63;&#x6f;&#x6f;&#x70; <\/a><\/li>\n<\/ul>\n<p>En partenariat avec:<\/p>\n<p><a href=\"http:\/\/www.biponline.be\/\" target=\"_blank\"><img loading=\"lazy\" decoding=\"async\" class=\"alignnone  wp-image-6550\" style=\"border: 0px none;\" alt=\"BIP\" src=\"https:\/\/smartbe.be\/wordpress\/..\/wp-content\/uploads\/2014\/05\/BIP.jpg\" width=\"100\" height=\"55\" srcset=\"https:\/\/smartbe.be\/wp-content\/uploads\/2014\/05\/BIP.jpg 432w, https:\/\/smartbe.be\/wp-content\/uploads\/2014\/05\/BIP-300x163.jpg 300w, https:\/\/smartbe.be\/wp-content\/uploads\/2014\/05\/BIP-290x158.jpg 290w\" sizes=\"auto, (max-width: 100px) 100vw, 100px\" \/><\/a><a href=\"http:\/\/www.brusselsjazzmarathon.be\/\" target=\"_blank\"><img loading=\"lazy\" decoding=\"async\" class=\"alignnone  wp-image-6551\" style=\"border: 0px none;\" alt=\"jazz\" src=\"https:\/\/smartbe.be\/wordpress\/..\/wp-content\/uploads\/2014\/05\/jazz.jpg\" width=\"100\" height=\"41\" srcset=\"https:\/\/smartbe.be\/wp-content\/uploads\/2014\/05\/jazz.jpg 570w, https:\/\/smartbe.be\/wp-content\/uploads\/2014\/05\/jazz-300x124.jpg 300w, https:\/\/smartbe.be\/wp-content\/uploads\/2014\/05\/jazz-500x207.jpg 500w, https:\/\/smartbe.be\/wp-content\/uploads\/2014\/05\/jazz-290x120.jpg 290w\" sizes=\"auto, (max-width: 100px) 100vw, 100px\" \/><\/a><\/p>\n<p><a href=\"https:\/\/smartbe.be\/wordpress\/..\/wp-content\/uploads\/2014\/05\/banner_meetconnect_descriptif_fr2.jpg\"><img loading=\"lazy\" decoding=\"async\" class=\"size-full wp-image-6613 alignleft\" alt=\"banners_meet&amp;connect_invitation_FR_NL.indd\" src=\"https:\/\/smartbe.be\/wordpress\/..\/wp-content\/uploads\/2014\/05\/banner_meetconnect_descriptif_fr2.jpg\" width=\"635\" height=\"79\" srcset=\"https:\/\/smartbe.be\/wp-content\/uploads\/2014\/05\/banner_meetconnect_descriptif_fr2-300x38.jpg 300w, https:\/\/smartbe.be\/wp-content\/uploads\/2014\/05\/banner_meetconnect_descriptif_fr2-500x63.jpg 500w, https:\/\/smartbe.be\/wp-content\/uploads\/2014\/05\/banner_meetconnect_descriptif_fr2-290x36.jpg 290w\" sizes=\"auto, (max-width: 635px) 100vw, 635px\" \/><\/a><\/p>","protected":false},"excerpt":{"rendered":"<p>Dans le cadre du Jazz Marathon, le BIP nous accueille le samedi 24 mai pour une rencontre avec Tuur Florizoone. Cet \u00e9v\u00e9nement s&rsquo;organise dans le cadre des \u00ab\u00a0Meet&amp;Connect\u00a0\u00bb, un rendez-vous de partage des connaissances professionnelles, secteur par secteur. Le th\u00e8me &hellip;<\/p>\n","protected":false},"author":14,"featured_media":0,"comment_status":"closed","ping_status":"closed","sticky":false,"template":"","format":"standard","meta":{"footnotes":""},"categories":[25,24,26],"tags":[],"class_list":["post-6548","post","type-post","status-publish","format-standard","hentry","category-debats","category-evenements","category-temoignages"],"aioseo_notices":[],"_links":{"self":[{"href":"https:\/\/smartbe.be\/fr\/wp-json\/wp\/v2\/posts\/6548","targetHints":{"allow":["GET"]}}],"collection":[{"href":"https:\/\/smartbe.be\/fr\/wp-json\/wp\/v2\/posts"}],"about":[{"href":"https:\/\/smartbe.be\/fr\/wp-json\/wp\/v2\/types\/post"}],"author":[{"embeddable":true,"href":"https:\/\/smartbe.be\/fr\/wp-json\/wp\/v2\/users\/14"}],"replies":[{"embeddable":true,"href":"https:\/\/smartbe.be\/fr\/wp-json\/wp\/v2\/comments?post=6548"}],"version-history":[{"count":13,"href":"https:\/\/smartbe.be\/fr\/wp-json\/wp\/v2\/posts\/6548\/revisions"}],"predecessor-version":[{"id":6609,"href":"https:\/\/smartbe.be\/fr\/wp-json\/wp\/v2\/posts\/6548\/revisions\/6609"}],"wp:attachment":[{"href":"https:\/\/smartbe.be\/fr\/wp-json\/wp\/v2\/media?parent=6548"}],"wp:term":[{"taxonomy":"category","embeddable":true,"href":"https:\/\/smartbe.be\/fr\/wp-json\/wp\/v2\/categories?post=6548"},{"taxonomy":"post_tag","embeddable":true,"href":"https:\/\/smartbe.be\/fr\/wp-json\/wp\/v2\/tags?post=6548"}],"curies":[{"name":"wp","href":"https:\/\/api.w.org\/{rel}","templated":true}]}}