
{"id":6499,"date":"2014-05-06T09:16:40","date_gmt":"2014-05-06T08:16:40","guid":{"rendered":"http:\/\/smartbe.be\/?p=6499"},"modified":"2014-05-12T09:48:19","modified_gmt":"2014-05-12T08:48:19","slug":"deux-debats-pour-interpeller-les-candidats-aux-elections-en-matiere-de-culture-bruxelles-europe","status":"publish","type":"post","link":"https:\/\/smartbe.be\/fr\/news\/deux-debats-pour-interpeller-les-candidats-aux-elections-en-matiere-de-culture-bruxelles-europe\/","title":{"rendered":"Deux d\u00e9bats pour interpeller les candidats aux \u00e9lections en mati\u00e8re de culture (Bruxelles &#038; Europe)"},"content":{"rendered":"<p>Inscrire la culture et la cr\u00e9ation parmi les enjeux de la campagne \u00e9lectorale : c&rsquo;est l&rsquo;ambition de l&rsquo;Association professionnelle des m\u00e9tiers de la cr\u00e9ation &#8211; Smart dans le cadre de sa campagne \u00ab\u00a0<a href=\"https:\/\/smartbe.be\/wordpress\/wp-admin\/\">Je vote culture<\/a>\u00ab\u00a0. Voil\u00e0 pourquoi nous organisons deux d\u00e9bats, l&rsquo;un r\u00e9gional (ce jeudi 8 mai), l&rsquo;autre europ\u00e9en (lundi 12 mai).<\/p>\n<ul>\n<li>Le premier vous permettra de questionner les futurs \u00e9lus bruxellois sur les grands enjeux qui vous pr\u00e9occupent. Tassement des subventions, absence d\u2019indexation, diminution des enveloppes budg\u00e9taires, restrictions en mati\u00e8re de ch\u00f4mage\u2026 Les risques de pr\u00e9carisation pour l\u2019ensemble des acteurs de la cr\u00e9ation ont sensiblement augment\u00e9 ces derni\u00e8res ann\u00e9es. C&rsquo;est le moment de se faire entendre !<\/li>\n<li>Pour le second d\u00e9bat, trois artistes de disciplines diff\u00e9rentes exprimeront leurs attentes pour l&rsquo;Europe. Ils interpelleront, avec vous, les candidats et repr\u00e9sentants europ\u00e9ens pr\u00e9sents<\/li>\n<\/ul>\n<p>Les deux d\u00e9bats\u00a0se tiendront au Lavall\u00e9e Creative Spot (\u00a0\u00a0rue du Choeur 47 &#8211; 1080 Molenbeek ) et seront mod\u00e9r\u00e9s par l&rsquo;\u00e9crivain et journaliste <strong>Michel Gheude<\/strong>.<\/p>\n<h1>30 mesures en faveur de la culture. D\u00e9battons-en!<\/h1>\n<p>(NIVEAU R\u00c9GIONAL BRUXELLOIS)<br \/>\nLe jeudi 8 mai \u00e0 20h \u00e0 Bruxelles<\/p>\n<p><a href=\"https:\/\/smartbe.be\/wordpress\/..\/wp-content\/uploads\/2014\/05\/affichebxl.jpg\"><img loading=\"lazy\" decoding=\"async\" class=\"alignnone\" style=\"border: 0px none; margin-right: 10px;\" alt=\"JVC_affichebxl\" src=\"https:\/\/smartbe.be\/wordpress\/..\/wp-content\/uploads\/2014\/05\/affichebxl.jpg\" width=\"169\" height=\"238\" \/><\/a><\/p>\n<p><strong>Intervenants politiques:<\/strong><\/p>\n<p>&#8211; Hamza Fassi-Fihri &#8211; CDH<br \/>\n&#8211; Zo\u00e9 Genot &#8211; ECOLO<br \/>\n&#8211; Caroline Persoons &#8211; FDF<br \/>\n&#8211; David Leisterh &#8211; MR<br \/>\n&#8211; Karine Lalieux &#8211; PS<br \/>\n&#8211; Daniel Zamora &#8211; PTB-GO!<\/p>\n<p><strong>Entr\u00e9e libre<\/strong> &#8211; <a href=\"http:\/\/newsletter.smart-eu.org\/t\/r-i-xjkjukk-l-r\/\">INFOS ET INSCRIPTIONS ICI<\/a><\/p>\n<p>&nbsp;<\/p>\n<h1>Des artistes questionnent l&rsquo;Europe !<\/h1>\n<p>(NIVEAU EUROP\u00c9EN)<br \/>\nLe lundi 12 mai \u00e0 20h \u00e0 Bruxelles<br \/>\n<img loading=\"lazy\" decoding=\"async\" class=\"alignnone\" style=\"margin-left: 10px;\" alt=\"affiche_europe\" src=\"https:\/\/smartbe.be\/wordpress\/..\/wp-content\/uploads\/2014\/05\/affiche_europe.jpg\" width=\"169\" height=\"240\" \/><\/p>\n<p><strong>Artistes pr\u00e9sents:<br \/>\n&#8211; <\/strong>Jacques Delcuvellerie : dramaturge et metteur en sc\u00e8ne<br \/>\n&#8211; Jean-Paul Dessy : violoncelliste, compositeur, directeur artistique pour la musique \u00e0 Mons 2015<br \/>\n&#8211; Angel Vergara : plasticien<\/p>\n<p><strong>Candidats et repr\u00e9sentants europ\u00e9ens :<\/strong><br \/>\n&#8211; Marie Arena : t\u00eate de liste PS<br \/>\n&#8211; Isabelle Durant : d\u00e9put\u00e9e europ\u00e9enne ECOLO et Vice-Pr\u00e9sidente du Parlement europ\u00e9en<br \/>\n&#8211; Xavier Troussard : attach\u00e9 \u00e0 la Commission comme chef d\u2019unit\u00e9 du Programme \u00abEurope cr\u00e9ative\u00bb\u2013MEDIA<\/p>\n<p><strong>Entr\u00e9e libre<\/strong> &#8211; <a href=\"http:\/\/newsletter.smart-eu.org\/t\/r-i-xjkjukk-l-y\/\">INFOS ET INSCRIPTIONS ICI<\/a><\/p>","protected":false},"excerpt":{"rendered":"<p>Inscrire la culture et la cr\u00e9ation parmi les enjeux de la campagne \u00e9lectorale : c&rsquo;est l&rsquo;ambition de l&rsquo;Association professionnelle des m\u00e9tiers de la cr\u00e9ation &#8211; Smart dans le cadre de sa campagne \u00ab\u00a0Je vote culture\u00ab\u00a0. Voil\u00e0 pourquoi nous organisons deux &hellip;<\/p>\n","protected":false},"author":14,"featured_media":0,"comment_status":"closed","ping_status":"closed","sticky":false,"template":"","format":"standard","meta":{"footnotes":""},"categories":[25],"tags":[],"class_list":["post-6499","post","type-post","status-publish","format-standard","hentry","category-debats"],"aioseo_notices":[],"_links":{"self":[{"href":"https:\/\/smartbe.be\/fr\/wp-json\/wp\/v2\/posts\/6499","targetHints":{"allow":["GET"]}}],"collection":[{"href":"https:\/\/smartbe.be\/fr\/wp-json\/wp\/v2\/posts"}],"about":[{"href":"https:\/\/smartbe.be\/fr\/wp-json\/wp\/v2\/types\/post"}],"author":[{"embeddable":true,"href":"https:\/\/smartbe.be\/fr\/wp-json\/wp\/v2\/users\/14"}],"replies":[{"embeddable":true,"href":"https:\/\/smartbe.be\/fr\/wp-json\/wp\/v2\/comments?post=6499"}],"version-history":[{"count":9,"href":"https:\/\/smartbe.be\/fr\/wp-json\/wp\/v2\/posts\/6499\/revisions"}],"predecessor-version":[{"id":6624,"href":"https:\/\/smartbe.be\/fr\/wp-json\/wp\/v2\/posts\/6499\/revisions\/6624"}],"wp:attachment":[{"href":"https:\/\/smartbe.be\/fr\/wp-json\/wp\/v2\/media?parent=6499"}],"wp:term":[{"taxonomy":"category","embeddable":true,"href":"https:\/\/smartbe.be\/fr\/wp-json\/wp\/v2\/categories?post=6499"},{"taxonomy":"post_tag","embeddable":true,"href":"https:\/\/smartbe.be\/fr\/wp-json\/wp\/v2\/tags?post=6499"}],"curies":[{"name":"wp","href":"https:\/\/api.w.org\/{rel}","templated":true}]}}