
{"id":6034,"date":"2014-04-17T14:12:25","date_gmt":"2014-04-17T13:12:25","guid":{"rendered":"http:\/\/smartbe.be\/?p=6034"},"modified":"2014-05-07T13:55:31","modified_gmt":"2014-05-07T12:55:31","slug":"30-mesures-en-faveur-de-la-culture-un-debat-pres-de-chez-vous","status":"publish","type":"post","link":"https:\/\/smartbe.be\/fr\/news\/30-mesures-en-faveur-de-la-culture-un-debat-pres-de-chez-vous\/","title":{"rendered":"30 mesures en faveur de la culture: un d\u00e9bat pr\u00e8s de chez vous"},"content":{"rendered":"<p>Tassement des subventions, absence d\u2019indexation, diminution des enveloppes budg\u00e9taires, restrictions en mati\u00e8re de ch\u00f4mage&#8230; Les risques de pr\u00e9carisation pour l\u2019ensemble des acteurs de la cr\u00e9ation ont sensiblement augment\u00e9 ces derni\u00e8res ann\u00e9es. \u00c0 l&rsquo;approche des \u00e9lections r\u00e9gionales, f\u00e9d\u00e9rales et europ\u00e9ennes du 25 mai prochain, nous proposons 30 mesures pour am\u00e9liorer les conditions de travail dans le secteur de la cr\u00e9ation.<\/p>\n<p>Suite \u00e0 la publication de notre <a href=\"http:\/\/public.smartbe.be\/ftpimages\/pdfs\/memorandum_2014_je vote culture.pdf\">m\u00e9morandum<\/a>, nous organisons 7 d\u00e9bats pour interpeller les candidats \u00a0sur leurs programmes respectifs en mati\u00e8re de culture.\u00a0 Il s\u2019agit \u00e9galement de saisir cette opportunit\u00e9 pour stimuler le d\u00e9bat local<b>. <\/b>Chaque rencontre aura lieu au sein m\u00eame d\u2019une organisation repr\u00e9sentative de notre secteur pour \u00eatre au plus pr\u00e8s de la r\u00e9alit\u00e9 de terrain.<\/p>\n<h2>Un d\u00e9bat pr\u00e8s de chez vous<\/h2>\n<p>Des d\u00e9bats r\u00e9uniront des candidats aux \u00e9lections r\u00e9gionales et f\u00e9d\u00e9rales issus des principaux partis.<\/p>\n<table style=\"background-color: #ffffff;\" width=\"100%\" border=\"1\" cellspacing=\"3\" cellpadding=\"3\">\n<tbody>\n<tr>\n<td><strong>Ville<\/strong><\/td>\n<td><strong>Date<\/strong><\/td>\n<td><strong>Lieu<\/strong><\/td>\n<td><strong>Heure<\/strong><\/td>\n<td><strong>Infos et inscription<\/strong><\/td>\n<\/tr>\n<tr>\n<td>Charleroi<\/td>\n<td>Mercredi 30 avril<\/td>\n<td>Eden &#8211; Centre Culturel R\u00e9gional de Charleroi (<a href=\"http:\/\/goo.gl\/maps\/O2h6h\">plan<\/a>)<\/td>\n<td>19h<\/td>\n<td><a href=\"https:\/\/www.eventbrite.fr\/e\/billets-debat-je-vote-culture-charleroi-11116131649\">Infos et inscription<\/a><\/td>\n<\/tr>\n<tr>\n<td>Li\u00e8ge<\/td>\n<td>Lundi 5 mai<\/td>\n<td>La Cit\u00e9 Miroir (<a href=\"http:\/\/goo.gl\/maps\/DaSvh\">plan<\/a>)<\/td>\n<td>20h<\/td>\n<td><a href=\"https:\/\/www.eventbrite.fr\/e\/billets-debat-je-vote-culture-liege-11280136191\">Infos et inscription<\/a><\/td>\n<\/tr>\n<tr>\n<td>Namur<\/td>\n<td>Mercredi 7 mai<\/td>\n<td>Bateau Quintus (amarr\u00e9 au confluent<br \/>\nMeuse\/Sambre c\u00f4t\u00e9 Meuse)<\/td>\n<td>20h<\/td>\n<td><a href=\"https:\/\/www.eventbrite.fr\/e\/billets-debat-je-vote-culture-namur-11280204395\">Infos et inscription<\/a><\/td>\n<\/tr>\n<tr>\n<td>Bruxelles<\/td>\n<td>Jeudi 8 mai<\/td>\n<td>Lavall\u00e9e Creative Spot (<a href=\"https:\/\/maps.google.be\/?q=Rue+du+Choeur+47,+1080+Molenbeek,+,+,+be\">plan<\/a>)<\/td>\n<td>20h<\/td>\n<td><a href=\"https:\/\/www.eventbrite.fr\/e\/billets-debat-je-vote-culture-bruxelles-11343748457\">Infos et inscription<\/a><\/td>\n<\/tr>\n<tr>\n<td>Tournai<\/td>\n<td>Mardi 20 mai<\/td>\n<td>La Maison de la culture (<a href=\"http:\/\/goo.gl\/maps\/Bsejn\">plan<\/a>)<br \/>\n<strong>SONDAGE<\/strong> : choisissez les questions qui seront pos\u00e9es lors du d\u00e9bat\u00a0aux repr\u00e9sentants des diff\u00e9rents partis <a href=\"https:\/\/fr.surveymonkey.com\/s\/debatculturetournai\" target=\"_blank\">en r\u00e9pondant \u00e0 ce sondage<\/a>.<\/td>\n<td>20h<\/td>\n<td><a href=\"https:\/\/www.eventbrite.fr\/e\/billets-debat-je-vote-culture-tournai-11343752469?ref=estw \">Infos et inscription<\/a><\/td>\n<\/tr>\n<\/tbody>\n<\/table>\n<p>Bruxelles accueillera en outre une rencontre autour des \u00e9lections europ\u00e9ennes qui confrontera responsables politiques europ\u00e9ens et artistes de renomm\u00e9e internationale. Elle se d\u00e9roulera <strong>le 12 mai \u00e0 20h<\/strong> au Lavall\u00e9e Creative Spot \u00e0 Bruxelles en pr\u00e9sence d&rsquo;artistes et de repr\u00e9sentants europ\u00e9ens\u00a0\u00a0(<a href=\"https:\/\/maps.google.be\/?q=Rue+du+Choeur+47,+1080+Molenbeek,+,+,+be\">plan<\/a>).<br \/>\n<a href=\"https:\/\/www.eventbrite.fr\/e\/billets-debat-des-artistes-questionnent-leurope-bruxelles-1205-11448563963\" target=\"_blank\">Infos et inscriptions.<\/a><\/p>","protected":false},"excerpt":{"rendered":"<p>Tassement des subventions, absence d\u2019indexation, diminution des enveloppes budg\u00e9taires, restrictions en mati\u00e8re de ch\u00f4mage&#8230; Les risques de pr\u00e9carisation pour l\u2019ensemble des acteurs de la cr\u00e9ation ont sensiblement augment\u00e9 ces derni\u00e8res ann\u00e9es. \u00c0 l&rsquo;approche des \u00e9lections r\u00e9gionales, f\u00e9d\u00e9rales et europ\u00e9ennes du &hellip;<\/p>\n","protected":false},"author":14,"featured_media":0,"comment_status":"closed","ping_status":"closed","sticky":false,"template":"","format":"standard","meta":{"footnotes":""},"categories":[25,24],"tags":[],"class_list":["post-6034","post","type-post","status-publish","format-standard","hentry","category-debats","category-evenements"],"aioseo_notices":[],"_links":{"self":[{"href":"https:\/\/smartbe.be\/fr\/wp-json\/wp\/v2\/posts\/6034","targetHints":{"allow":["GET"]}}],"collection":[{"href":"https:\/\/smartbe.be\/fr\/wp-json\/wp\/v2\/posts"}],"about":[{"href":"https:\/\/smartbe.be\/fr\/wp-json\/wp\/v2\/types\/post"}],"author":[{"embeddable":true,"href":"https:\/\/smartbe.be\/fr\/wp-json\/wp\/v2\/users\/14"}],"replies":[{"embeddable":true,"href":"https:\/\/smartbe.be\/fr\/wp-json\/wp\/v2\/comments?post=6034"}],"version-history":[{"count":19,"href":"https:\/\/smartbe.be\/fr\/wp-json\/wp\/v2\/posts\/6034\/revisions"}],"predecessor-version":[{"id":6530,"href":"https:\/\/smartbe.be\/fr\/wp-json\/wp\/v2\/posts\/6034\/revisions\/6530"}],"wp:attachment":[{"href":"https:\/\/smartbe.be\/fr\/wp-json\/wp\/v2\/media?parent=6034"}],"wp:term":[{"taxonomy":"category","embeddable":true,"href":"https:\/\/smartbe.be\/fr\/wp-json\/wp\/v2\/categories?post=6034"},{"taxonomy":"post_tag","embeddable":true,"href":"https:\/\/smartbe.be\/fr\/wp-json\/wp\/v2\/tags?post=6034"}],"curies":[{"name":"wp","href":"https:\/\/api.w.org\/{rel}","templated":true}]}}