
{"id":6012,"date":"2014-04-25T10:13:30","date_gmt":"2014-04-25T09:13:30","guid":{"rendered":"http:\/\/smartbe.be\/?p=6012"},"modified":"2014-05-08T16:25:09","modified_gmt":"2014-05-08T15:25:09","slug":"un-printemps-charge-pour-notre-collection-darts-plastiques","status":"publish","type":"post","link":"https:\/\/smartbe.be\/fr\/news\/un-printemps-charge-pour-notre-collection-darts-plastiques\/","title":{"rendered":"Des oeuvres de notre collection d\u2019arts plastiques au Parcours d&rsquo;Artistes &#8211; BXL 16\/05-01\/06"},"content":{"rendered":"<p><b>10 artistes au Parcours <\/b><\/p>\n<p><a href=\"https:\/\/smartbe.be\/wordpress\/..\/wp-content\/uploads\/2014\/04\/pda.jpg\"><img loading=\"lazy\" decoding=\"async\" class=\"size-medium wp-image-6013 alignleft\" alt=\"pda\" src=\"https:\/\/smartbe.be\/wordpress\/..\/wp-content\/uploads\/2014\/04\/pda-225x300.jpg\" width=\"129\" height=\"173\" srcset=\"https:\/\/smartbe.be\/wp-content\/uploads\/2014\/04\/pda-225x300.jpg 225w, https:\/\/smartbe.be\/wp-content\/uploads\/2014\/04\/pda-290x386.jpg 290w, https:\/\/smartbe.be\/wp-content\/uploads\/2014\/04\/pda.jpg 300w\" sizes=\"auto, (max-width: 129px) 100vw, 129px\" \/><\/a><i>\u00ab Durant le Parcours d&rsquo;Artistes, nous mettons l&rsquo;accent sur nos acquisitions r\u00e9centes<\/i> \u00bb, explique Judith Verhoeven, responsable de la collection. <i>\u00abD\u00e9j\u00e0 lors des \u00e9ditions pr\u00e9c\u00e9dentes, nous avions expos\u00e9 des \u0153uvres r\u00e9centes: c&rsquo;est l&rsquo;occasion de prouver le dynamisme et la r\u00e9activit\u00e9 de notre collection<\/i>\u00bb.<\/p>\n<p>Le vernissage aura lieu vendredi 16 mai 2014 \u00e0 partir de 18h au 82 rue Coenraets \u00e0 1060 Bruxelles. La <a href=\"https:\/\/www.facebook.com\/BrusselsArtFactory\">Brussels Art Factory<\/a> ouvrira \u00e9galement ses ateliers d&rsquo;artistes \u00e0 cette occasion. L\u2019exposition sera accessible les samedis et dimanches de 14 \u00e0 19h jusqu&rsquo;au 1er juin ainsi que la semaine sur rendez-vous, via le n\u00b070 de la rue Coenraets.<\/p>\n<p>Les artistes pr\u00e9sent\u00e9s\u00a0:\u00a0 <b>Christian Boltanski,\u00a0 Daniel Chust Peters ,\u00a0 J\u00e9r\u00f4me Consid\u00e9rant,\u00a0 Cathy Co\u00ebz,\u00a0\u00a0 Alessandro Filippini,\u00a0 Jiri Kolar,\u00a0 Sophie Langohr,\u00a0 Frank Maieu,\u00a0 Johan Muyle et Benoit Piret<\/b>.<\/p>\n<p><b><br \/>\nContact<\/b><i> <\/i>Judith Verhoeven \u2013 <a href=\"mailto:&#x76;&#x65;&#x6a;&#x40;&#x73;&#x6d;&#x61;&#x72;&#x74;&#x2e;&#x63;&#x6f;&#x6f;&#x70;\">&#x76;&#x65;&#x6a;&#x40;<span class=\"oe_displaynone\">null<\/span>&#x73;&#x6d;&#x61;&#x72;&#x74;&#x2e;&#x63;&#x6f;&#x6f;&#x70;<\/a> \u00a0\u00a0&#8211; 02 542 19 87<\/p>","protected":false},"excerpt":{"rendered":"<p>10 artistes au Parcours \u00ab Durant le Parcours d&rsquo;Artistes, nous mettons l&rsquo;accent sur nos acquisitions r\u00e9centes \u00bb, explique Judith Verhoeven, responsable de la collection. \u00abD\u00e9j\u00e0 lors des \u00e9ditions pr\u00e9c\u00e9dentes, nous avions expos\u00e9 des \u0153uvres r\u00e9centes: c&rsquo;est l&rsquo;occasion de prouver le &hellip;<\/p>\n","protected":false},"author":3,"featured_media":0,"comment_status":"closed","ping_status":"closed","sticky":false,"template":"","format":"standard","meta":{"footnotes":""},"categories":[15],"tags":[],"class_list":["post-6012","post","type-post","status-publish","format-standard","hentry","category-annonces"],"aioseo_notices":[],"_links":{"self":[{"href":"https:\/\/smartbe.be\/fr\/wp-json\/wp\/v2\/posts\/6012","targetHints":{"allow":["GET"]}}],"collection":[{"href":"https:\/\/smartbe.be\/fr\/wp-json\/wp\/v2\/posts"}],"about":[{"href":"https:\/\/smartbe.be\/fr\/wp-json\/wp\/v2\/types\/post"}],"author":[{"embeddable":true,"href":"https:\/\/smartbe.be\/fr\/wp-json\/wp\/v2\/users\/3"}],"replies":[{"embeddable":true,"href":"https:\/\/smartbe.be\/fr\/wp-json\/wp\/v2\/comments?post=6012"}],"version-history":[{"count":16,"href":"https:\/\/smartbe.be\/fr\/wp-json\/wp\/v2\/posts\/6012\/revisions"}],"predecessor-version":[{"id":6271,"href":"https:\/\/smartbe.be\/fr\/wp-json\/wp\/v2\/posts\/6012\/revisions\/6271"}],"wp:attachment":[{"href":"https:\/\/smartbe.be\/fr\/wp-json\/wp\/v2\/media?parent=6012"}],"wp:term":[{"taxonomy":"category","embeddable":true,"href":"https:\/\/smartbe.be\/fr\/wp-json\/wp\/v2\/categories?post=6012"},{"taxonomy":"post_tag","embeddable":true,"href":"https:\/\/smartbe.be\/fr\/wp-json\/wp\/v2\/tags?post=6012"}],"curies":[{"name":"wp","href":"https:\/\/api.w.org\/{rel}","templated":true}]}}