
{"id":5874,"date":"2014-04-10T13:56:06","date_gmt":"2014-04-10T12:56:06","guid":{"rendered":"http:\/\/smartbe.be\/?p=5874"},"modified":"2014-04-25T13:23:53","modified_gmt":"2014-04-25T12:23:53","slug":"sandrino-graceffa-prend-la-direction-de-smart","status":"publish","type":"post","link":"https:\/\/smartbe.be\/fr\/news\/sandrino-graceffa-prend-la-direction-de-smart\/","title":{"rendered":"Sandrino Graceffa, nouveau directeur de Smart"},"content":{"rendered":"<p><b>Entrepreneur social<\/b><\/p>\n<p>S<a href=\"https:\/\/smartbe.be\/wordpress\/..\/wp-content\/uploads\/2014\/04\/NV.jpg\"><img loading=\"lazy\" decoding=\"async\" class=\"alignleft size-full wp-image-6186\" alt=\"NV\" src=\"https:\/\/smartbe.be\/wordpress\/..\/wp-content\/uploads\/2014\/04\/NV.jpg\" width=\"177\" height=\"219\" \/><\/a>andrino n\u2019en est pas \u00e0 son coup d\u2019essai. En tant qu\u2019expert du d\u00e9veloppement local et entrepreneur social dans l\u2019\u00e2me, il croit en la force de l\u2019action collective pour le d\u00e9veloppement de nouveaux projets. \u00ab\u00a0<i>Dans l\u2019\u00e9conomie sociale, l\u2019\u00e9chelle de valeurs diff\u00e8re du mod\u00e8le traditionnel\u00a0: on mise davantage sur les valeurs humaines, tout en valorisant le professionnalisme. La co-construction bas\u00e9e sur l\u2019apport de tous les partenaires mais \u00e9galement une vision d\u2019entreprise claire sont des \u00e9l\u00e9ments essentiels pour entreprendre socialement.<\/i>\u00a0\u00bb<\/p>\n<p>Ce titulaire d\u2019un master en d\u00e9veloppement local et \u00e9conomie sociale, obtenu \u00e0 l\u2019Universit\u00e9 de Valenciennes et du Hainaut Cambr\u00e9sis (Nord), a commenc\u00e9 par accompagner des entrepreneurs locaux dans le d\u00e9marrage de leur entreprise. Deux ans plus tard, il met sur pied\u00a0<a href=\"http:\/\/www.initiativesetcite.com\/\">Initiatives ET cit\u00e9<\/a>, un cluster de 12 entreprises actives dans l\u2019\u00e9conomie sociale. L\u2019intention\u00a0: <i>\u00abdevenir la r\u00e9f\u00e9rence incontournable en France en mati\u00e8re de d\u00e9veloppement local durable\u00a0\u00bb.<\/i><\/p>\n<p>Son int\u00e9r\u00eat pour l\u2019art et pour la difficile r\u00e9alit\u00e9 du terrain l\u2019a ensuite pouss\u00e9 \u00e0 \u00e9tudier les possibilit\u00e9s d\u2019essaimage du mod\u00e8le Smart en France. Peu de temps apr\u00e8s, la coop\u00e9rative SMartFr voyait le jour. Un d\u00e9fi important l\u2019attend d\u00e8s aujourd\u2019hui: prendre la succession des fondateurs Pierre Burnotte et Julek Jurowicz \u00e0 la t\u00eate du groupe Smart. Le nouveau directeur entend poursuivre les r\u00e9alisations de ses pr\u00e9d\u00e9cesseurs tout en insufflant un nouvel \u00e9lan au groupe, depuis lors <a href=\"http:\/\/smart-eu.org\/\">actif dans dix pays europ\u00e9ens<\/a>.<\/p>\n<p><b>Feuille de route<\/b><\/p>\n<p>Sandrino effectue actuellement un tour dans les bureaux r\u00e9gionaux, afin de mieux appr\u00e9hender la r\u00e9alit\u00e9 du terrain. Le but: r\u00e9diger une feuille de route et pr\u00e9senter son plan d\u2019action le 15 mai devant le conseil d\u2019administration. Peut-il d\u00e9j\u00e0 lever un coin du voile? <i>\u201cL\u2019un des points forts de nos bureaux r\u00e9gionaux est la proximit\u00e9 et la reconnaissance du service. Selon moi, nous devons encore mettre davantage l\u2019accent l\u00e0-dessus. L\u2019accompagnement individuel des artistes et cr\u00e9atifs dans la construction autonome de leur carri\u00e8re restera \u00e9galement l\u2019un de nos fers de lance\u201d.\u00a0<\/i><\/p>\n<p>Il souhaite en outre instaurer davantage de dialogue et de collaboration &#8211; pas seulement avec les acteurs du terrain, mais \u00e9galement avec les d\u00e9cideurs<i>. \u201dOn ne peut pas travailler hors du syst\u00e8me politico-\u00e9conomique, surtout si l\u2019on veut construire un projet qui s\u2019inscrive dans les domaines politique et social\u201d. <\/i><\/p>\n<p>Aux questions de savoir quelles pistes il envisage pour sortir de la crise \u00e9conomique et comment le secteur peut rebondir, Sandrino Graceffa est plut\u00f4t optimiste.\u00a0\u201c<i>Je ne pense pas que la crise actuelle n\u2019ait que des effets n\u00e9gatifs. Nous traversons une p\u00e9riode passionnante: <\/i><i>les choses sont sensiblement en train de changer. En tant qu\u2019entrepreneurs sociaux, nous devons suivre ces d\u00e9veloppements de tr\u00e8s pr\u00e8s et en profiter pour proposer de nouvelles solutions. Les citoyens s\u2019interrogent\u00a0 sur leur relation \u00e0 la soci\u00e9t\u00e9 et leurs standards de consommation, les jeunes dipl\u00f4m\u00e9s questionnent leur rapport au travail et optent de plus en plus souvent pour le secteur de l\u2019\u00e9conomie sociale&#8230; C\u2019est pour moi la preuve qu\u2019une transition durable et solidaire est possible, m\u00eame s\u2019il n\u2019est pas toujours facile de faire rimer deux termes aussi antinomiques qu\u2019\u00e9conomie et durabilit\u00e9 \u201c.\u00a0 <\/i><\/p>\n<p>L\u2019\u00e9quipe de Smart est d\u2019ores et d\u00e9j\u00e0 contamin\u00e9e par l\u2019enthousiasme et la vision de Sandrino. \u00ab\u00a0Il a des facettes \u00e9tonnantes\u00a0\u00bb, nous confie un conseiller. \u00ab\u00a0<em>Tout le monde sait qu\u2019il parle fran\u00e7ais et italien, mais il ma\u00eetrise aussi le chti\u00a0!<\/em>\u00a0\u00bb. On n\u2019h\u00e9sitera pas \u00e0 tester ses connaissances \u00a0lors d\u2019une prochaine entrevue&#8230;<\/p>\n<p>&nbsp;<\/p>\n<p><strong>Fan de musique<\/strong><\/p>\n<p>Qui est l\u2019homme derri\u00e8re le mandat? En fouillant un peu, on trouve la trace de Sandrino dans les annales de la radio libre PFM. De 1982 \u00e0 1984, il \u00e9tait pr\u00e9sent sur les ondes pour animer l\u2019\u00e9mission \u201cRock gratuit\u201d. \u00a0\u00ab\u00a0<em>Mon premier job\u00a0! Aujourd\u2019hui encore, je me branche volontiers sur PFM. Ils sont rest\u00e9s ind\u00e9pendants et assocatifs, sans publicit\u00e9 et avec une petite \u00e9quipe de b\u00e9n\u00e9voles. C\u2019est vraiment gr\u00e2ce \u00e0 PFM que j\u2019ai d\u00e9couvert le punk et de nombreux groupes de rock fran\u00e7ais\u2026que j\u2019\u00e9coute toujours volontiers!<\/em>\u201d<\/p>\n<p>&nbsp;<\/p>\n<p>&nbsp;<\/p>","protected":false},"excerpt":{"rendered":"<p>Entrepreneur social Sandrino n\u2019en est pas \u00e0 son coup d\u2019essai. En tant qu\u2019expert du d\u00e9veloppement local et entrepreneur social dans l\u2019\u00e2me, il croit en la force de l\u2019action collective pour le d\u00e9veloppement de nouveaux projets. \u00ab\u00a0Dans l\u2019\u00e9conomie sociale, l\u2019\u00e9chelle de &hellip;<\/p>\n","protected":false},"author":3,"featured_media":0,"comment_status":"closed","ping_status":"closed","sticky":false,"template":"","format":"standard","meta":{"footnotes":""},"categories":[151],"tags":[],"class_list":["post-5874","post","type-post","status-publish","format-standard","hentry","category-info"],"aioseo_notices":[],"_links":{"self":[{"href":"https:\/\/smartbe.be\/fr\/wp-json\/wp\/v2\/posts\/5874","targetHints":{"allow":["GET"]}}],"collection":[{"href":"https:\/\/smartbe.be\/fr\/wp-json\/wp\/v2\/posts"}],"about":[{"href":"https:\/\/smartbe.be\/fr\/wp-json\/wp\/v2\/types\/post"}],"author":[{"embeddable":true,"href":"https:\/\/smartbe.be\/fr\/wp-json\/wp\/v2\/users\/3"}],"replies":[{"embeddable":true,"href":"https:\/\/smartbe.be\/fr\/wp-json\/wp\/v2\/comments?post=5874"}],"version-history":[{"count":8,"href":"https:\/\/smartbe.be\/fr\/wp-json\/wp\/v2\/posts\/5874\/revisions"}],"predecessor-version":[{"id":6187,"href":"https:\/\/smartbe.be\/fr\/wp-json\/wp\/v2\/posts\/5874\/revisions\/6187"}],"wp:attachment":[{"href":"https:\/\/smartbe.be\/fr\/wp-json\/wp\/v2\/media?parent=5874"}],"wp:term":[{"taxonomy":"category","embeddable":true,"href":"https:\/\/smartbe.be\/fr\/wp-json\/wp\/v2\/categories?post=5874"},{"taxonomy":"post_tag","embeddable":true,"href":"https:\/\/smartbe.be\/fr\/wp-json\/wp\/v2\/tags?post=5874"}],"curies":[{"name":"wp","href":"https:\/\/api.w.org\/{rel}","templated":true}]}}