
{"id":5840,"date":"2014-04-10T10:39:50","date_gmt":"2014-04-10T09:39:50","guid":{"rendered":"http:\/\/smartbe.be\/?p=5840"},"modified":"2014-04-18T14:03:32","modified_gmt":"2014-04-18T13:03:32","slug":"debat-electoral-le-23-avril-mons","status":"publish","type":"post","link":"https:\/\/smartbe.be\/fr\/news\/debat-electoral-le-23-avril-mons\/","title":{"rendered":"D\u00e9bat \u00e9lectoral le 23 avril \u00e0 Mons"},"content":{"rendered":"<p><a href=\"https:\/\/smartbe.be\/wordpress\/..\/wp-content\/uploads\/2014\/04\/affiche-web-mons.jpg\"><img loading=\"lazy\" decoding=\"async\" class=\"alignright size-medium wp-image-5843\" alt=\"affiche web mons\" src=\"https:\/\/smartbe.be\/wordpress\/..\/wp-content\/uploads\/2014\/04\/affiche-web-mons-212x300.jpg\" width=\"212\" height=\"300\" srcset=\"https:\/\/smartbe.be\/wp-content\/uploads\/2014\/04\/affiche-web-mons-212x300.jpg 212w, https:\/\/smartbe.be\/wp-content\/uploads\/2014\/04\/affiche-web-mons-290x409.jpg 290w, https:\/\/smartbe.be\/wp-content\/uploads\/2014\/04\/affiche-web-mons.jpg 453w\" sizes=\"auto, (max-width: 212px) 100vw, 212px\" \/><\/a>Dans le cadre de sa campagne \u00ab\u00a0Je vote culture\u00a0\u00bb, l&rsquo;Association professionnelle des m\u00e9tiers de la cr\u00e9ation &#8211; Smart vous invite \u00e0 un d\u00e9bat rassemblant des personnalit\u00e9s politiques montoises bien connues. C\u2019est<strong> par le biais de l\u2019impro<\/strong> que les principales revendications seront abord\u00e9es. Des membres du <a href=\"http:\/\/newsletter.smart-eu.org\/t\/r-i-xbkuuy-l-r\/\">Cam\u00e9l\u00e9on th\u00e9\u00e2tre<\/a>, partenaires de l\u2019\u00e9v\u00e9nement, assureront les improvisations.<\/p>\n<h1>Quelles questions seront pos\u00e9es?<\/h1>\n<p>C&rsquo;est \u00e0 vous de d\u00e9cider,<a href=\"http:\/\/newsletter.smart-eu.org\/t\/r-i-xbkuuy-l-y\/\"> en r\u00e9pondant \u00e0 ce sondage<\/a>. Les questions les plus plebiscit\u00e9es seront soumises aux candidats.<\/p>\n<p>Seront pr\u00e9sents:<\/p>\n<ul>\n<li><strong>Jo\u00eblle Kapompol\u00e9 (PS)<\/strong> : candidate \u00e0 la R\u00e9gion et \u00e9chevine de la culture \u00e0 Mons<\/li>\n<li><strong>Richard Miller (MR)<\/strong> : candidat et anciennement ministre de la Culture de la Communaut\u00e9 fran\u00e7aise<\/li>\n<li><strong>Juliette Boulet (Ecolo)<\/strong> : d\u00e9put\u00e9e f\u00e9d\u00e9rale<\/li>\n<li><strong>Savine Moucheron (CDH)<\/strong> : d\u00e9put\u00e9 wallon et conseill\u00e8re communale de la ville de Mons<\/li>\n<li><strong>St\u00e9phane Mansy (PTB-GO)<\/strong> : candidat \u00e0 la R\u00e9gion<\/li>\n<\/ul>\n<p>Mod\u00e9rateur : Julien Cr\u00eate, journaliste.<\/p>\n<h1>Quand?<\/h1>\n<p>Le jeudi 23 avril \u00e0 20h<\/p>\n<h1>O\u00f9?<\/h1>\n<p>Maison Folie, salle des Arbalestriers &#8211; Rue des Arbalestriers 8, 7000 Mons<br \/>\nLa rencontre est gratuite et sera suivie d&rsquo;un drink.<\/p>\n<p>Les d\u00e9bats portant sur les niveaux r\u00e9gionaux et f\u00e9d\u00e9ral seront reproduits dans <a href=\"https:\/\/smartbe.be\/fr\/news\/30-mesures-en-faveur-de-la-culture-un-debat-pres-de-chez-vous\/\">cinq autres villes<\/a>. Un d\u00e9bat autour des \u00e9lections europ\u00e9ennes sera \u00e9galement organis\u00e9 \u00e0 Bruxelles avec pour objectif de confronter responsables politiques europ\u00e9ens et artistes de renomm\u00e9e internationale. D\u00e9tails suivront.<\/p>\n<p>Consultez notre memorandum <a href=\"http:\/\/newsletter.smart-eu.org\/t\/r-i-xbkuuy-l-i\/\">en cliquant ici<\/a><\/p>\n<p>Contact: Olivier Desclez &#8211; <a href=\"mailto:%&#x32;&#x32;&#x64;&#x65;&#x6f;&#x40;&#x73;&#x6d;&#x61;&#x72;&#x74;&#x2e;&#x63;&#x6f;&#x6f;&#x70;%22\">&#x64;&#x65;&#x6f;&#x40;<span class=\"oe_displaynone\">null<\/span>&#x73;&#x6d;&#x61;&#x72;&#x74;&#x2e;&#x63;&#x6f;&#x6f;&#x70;<\/a><\/p>","protected":false},"excerpt":{"rendered":"<p>Dans le cadre de sa campagne \u00ab\u00a0Je vote culture\u00a0\u00bb, l&rsquo;Association professionnelle des m\u00e9tiers de la cr\u00e9ation &#8211; Smart vous invite \u00e0 un d\u00e9bat rassemblant des personnalit\u00e9s politiques montoises bien connues. C\u2019est par le biais de l\u2019impro que les principales revendications &hellip;<\/p>\n","protected":false},"author":3,"featured_media":0,"comment_status":"closed","ping_status":"closed","sticky":false,"template":"","format":"standard","meta":{"footnotes":""},"categories":[25],"tags":[],"class_list":["post-5840","post","type-post","status-publish","format-standard","hentry","category-debats"],"aioseo_notices":[],"_links":{"self":[{"href":"https:\/\/smartbe.be\/fr\/wp-json\/wp\/v2\/posts\/5840","targetHints":{"allow":["GET"]}}],"collection":[{"href":"https:\/\/smartbe.be\/fr\/wp-json\/wp\/v2\/posts"}],"about":[{"href":"https:\/\/smartbe.be\/fr\/wp-json\/wp\/v2\/types\/post"}],"author":[{"embeddable":true,"href":"https:\/\/smartbe.be\/fr\/wp-json\/wp\/v2\/users\/3"}],"replies":[{"embeddable":true,"href":"https:\/\/smartbe.be\/fr\/wp-json\/wp\/v2\/comments?post=5840"}],"version-history":[{"count":8,"href":"https:\/\/smartbe.be\/fr\/wp-json\/wp\/v2\/posts\/5840\/revisions"}],"predecessor-version":[{"id":5884,"href":"https:\/\/smartbe.be\/fr\/wp-json\/wp\/v2\/posts\/5840\/revisions\/5884"}],"wp:attachment":[{"href":"https:\/\/smartbe.be\/fr\/wp-json\/wp\/v2\/media?parent=5840"}],"wp:term":[{"taxonomy":"category","embeddable":true,"href":"https:\/\/smartbe.be\/fr\/wp-json\/wp\/v2\/categories?post=5840"},{"taxonomy":"post_tag","embeddable":true,"href":"https:\/\/smartbe.be\/fr\/wp-json\/wp\/v2\/tags?post=5840"}],"curies":[{"name":"wp","href":"https:\/\/api.w.org\/{rel}","templated":true}]}}