
{"id":5803,"date":"2014-04-10T08:42:38","date_gmt":"2014-04-10T07:42:38","guid":{"rendered":"http:\/\/smartbe.be\/?p=5803"},"modified":"2014-04-15T15:13:49","modified_gmt":"2014-04-15T14:13:49","slug":"appel-projets-participez-au-parcours-dartistes-molenbeek-2014","status":"publish","type":"post","link":"https:\/\/smartbe.be\/fr\/news\/appel-projets-participez-au-parcours-dartistes-molenbeek-2014\/","title":{"rendered":"Appel \u00e0 projets: participez au Parcours d\u2019Artistes Molenbeek 2014"},"content":{"rendered":"<p>Peinture, sculpture, photographie, dessin, calligraphie, chant, po\u00e9sie, musique, danse, th\u00e9\u00e2tre\u2026 toutes les disciplines sont les bienvenues. Consultez les conditions de participation ci-dessous.<\/p>\n<p style=\"text-align: center;\"><a href=\"https:\/\/smartbe.be\/wordpress\/..\/wp-content\/uploads\/2014\/04\/logo_CreativeSpot_Lavall+\u00aee_72dpi.jpg\"><img loading=\"lazy\" decoding=\"async\" class=\" wp-image-5805 aligncenter\" alt=\"Lavall\u00e9e Creative Spot\" src=\"https:\/\/smartbe.be\/wordpress\/..\/wp-content\/uploads\/2014\/04\/logo_CreativeSpot_Lavall+\u00aee_72dpi.jpg\" width=\"271\" height=\"102\" srcset=\"https:\/\/smartbe.be\/wp-content\/uploads\/2014\/04\/logo_CreativeSpot_Lavall+\u00aee_72dpi.jpg 522w, https:\/\/smartbe.be\/wp-content\/uploads\/2014\/04\/logo_CreativeSpot_Lavall+\u00aee_72dpi-300x114.jpg 300w, https:\/\/smartbe.be\/wp-content\/uploads\/2014\/04\/logo_CreativeSpot_Lavall+\u00aee_72dpi-500x190.jpg 500w, https:\/\/smartbe.be\/wp-content\/uploads\/2014\/04\/logo_CreativeSpot_Lavall+\u00aee_72dpi-290x110.jpg 290w\" sizes=\"auto, (max-width: 271px) 100vw, 271px\" \/><\/a><\/p>\n<h1>Int\u00e9ress\u00e9?<\/h1>\n<p>Rien de plus simple : compl\u00e9tez et envoyez le\u00a0 <a href=\"https:\/\/smartbe.be\/wordpress\/..\/wp-content\/uploads\/2014\/04\/Formulaire-participation_appel-a-projets_vf.pdf\">formulaire de participation<\/a> accompagn\u00e9 de tout autre document utile \u00e0 la constitution de votre dossier \u00e0 <a href=\"mailto:&#x70;&#x65;&#x70;&#x40;&#x73;&#x6d;&#x61;&#x72;&#x74;&#x2e;&#x63;&#x6f;&#x6f;&#x70;\">&#x70;&#x65;&#x70;&#x40;<span class=\"oe_displaynone\">null<\/span>&#x73;&#x6d;&#x61;&#x72;&#x74;&#x2e;&#x63;&#x6f;&#x6f;&#x70;<\/a>, ou par courrier\u00a0 \u00e0 SMartBe \u2013 rue Emile F\u00e9ron 70, 1060 Bruxelles.<\/p>\n<p>Vous avez jusqu\u2019au 25 avril pour envoyer votre dossier.<\/p>\n<h1>Conditions de participation:<\/h1>\n<h2>1. Contexte<\/h2>\n<p>Situ\u00e9 \u00e0 Molenbeek dans un quartier en pleine expansion, <a href=\"http:\/\/www.creativespot.be\/fr\/lavallee\">Lavall\u00e9e Creative Spot<\/a> est un nouvel espace de coworking cr\u00e9atif.\u00a0 Dans ce lieu, une salle d\u2019exposition, un studio multidisciplinaire (photo, vid\u00e9o, salle de r\u00e9p\u00e9tition&#8230;) et un espace de travail partag\u00e9 sont mis \u00e0 disposition des artistes et des professionnels de la cr\u00e9ation.<\/p>\n<p>Participer au Parcours d\u2019Artistes\u00a0 repr\u00e9sente pour nous une opportunit\u00e9 de r\u00e9pondre aux nombreuses demandes visant l\u2019accueil d\u2019activit\u00e9s artistiques dans un lieu ouvert \u00e0 toutes les disciplines. En outre, cet \u00e9v\u00e9nement local nous permet de nous ancrer dans le paysage culturel de la commune de Molenbeek-Saint-Jean.<\/p>\n<h2>2. Parcours d\u2019Artistes Molenbeek 2014<\/h2>\n<p>Profitant du rayonnement et des nombreuses mises en mouvement de \u00a0\u00bb Molenbeek M\u00e9tropole 2014 \u00ab\u00a0, le Parcours d\u2019Artistes mettra en avant la cr\u00e9ation sous toutes ses formes. Les arts plastiques, la vid\u00e9o, la danse, le chant, la c\u00e9ramique et les installations dialogueront avec la musique, la photographie, la sc\u00e9nographie et les performances pour proposer au public un panorama repr\u00e9sentatif de la cr\u00e9ation contemporaine.<\/p>\n<p>Commune de cultures et d\u2019\u00e9changes, Molenbeek-Saint-Jean est devenue au fil des ans un terreau extr\u00eamement fertile o\u00f9 nombre d\u2019artistes, \u0153uvrant dans toutes les disciplines, r\u00e9sident, cr\u00e9ent et se rencontrent. Ce vivier de cr\u00e9ateurs, la pr\u00e9sence de collectifs d\u2019artistes et d\u2019ateliers enrichissent non seulement la vie de la commune mais ils lui offrent \u00e9galement un compl\u00e9ment d\u2019\u00e2me essentiel.<\/p>\n<p>Le fil rouge du Parcours est pluriel dans la mesure o\u00f9 il convoque simultan\u00e9ment l\u2019esprit de d\u00e9couverte, alli\u00e9 \u00e0 la surprise et au mouvement. L\u2019esprit de d\u00e9couverte sera assur\u00e9 par la richesse et la diversit\u00e9 des \u0153uvres expos\u00e9es tandis que des rencontres et des ateliers d\u2019initiation organis\u00e9s avec les artistes offriront leur lot de surprises au sein d\u2019un Parcours tout en mouvement.<\/p>\n<h2>3. Appel \u00e0 projets<\/h2>\n<p>Cet appel est lanc\u00e9 dans le cadre du <a href=\"http:\/\/visitbrussels.be\/bitc\/BE_fr\/minisite_molenbeek2014\/molenbeek_project\/20696\/parcours.do\">Parcours d\u2019Artistes Molenbeek 2014<\/a> qui se d\u00e9roulera du vendredi 6 juin au dimanche 8 juin 2014. Le vernissage aura lieu le vendredi 6 juin en nocturne.<\/p>\n<h3>Nous offrons :<\/h3>\n<ul>\n<li>Une participation au Parcours d\u2019Artistes Molenbeek 2014.<\/li>\n<li>Un espace d\u2019exposition de\u00a0 350m2\u00a0 au \u00ab Lavall\u00e9e Creative Spot \u00bb situ\u00e9 rue du Choeur\u00a0 47\u00a0 \u00e0 1080 Molenbeek.<\/li>\n<li>La promotion de l&rsquo;exposition (invitations, news, communiqu\u00e9 de presse\u2026).<\/li>\n<li>L\u2019organisation du vernissage.<\/li>\n<li>Une r\u00e9mun\u00e9ration.<\/li>\n<\/ul>\n<h3><strong>Crit\u00e8res de s\u00e9lection :<\/strong><\/h3>\n<ul>\n<li>Cet appel est ouvert \u00e0 tous les artistes r\u00e9sidant en Belgique.\u00a0 Le fait d\u2019habiter ou de travailler dans la commune de Molenbeek est un plus, mais n\u2019est pas un crit\u00e8re d\u00e9cisif.<\/li>\n<li>L\u2019appel s\u2019adresse \u00e0 tout type d\u2019expression artistique : peinture, photographie, vid\u00e9o, design, performance&#8230;<\/li>\n<li>La pr\u00e9sence de l\u2019artiste au vernissage est obligatoire.<\/li>\n<\/ul>\n<p>La s\u00e9lection sera assur\u00e9e par un jury de professionnels de la cr\u00e9ation et de l\u2019art.<\/p>\n<h3>Calendrier :<\/h3>\n<ul>\n<li>09\/04 : lancement de l\u2019appel \u00e0 projets<\/li>\n<li>Le 16\/04 et 22\/04 \u00e0 14h : possibilit\u00e9 de visiter le lieu. Cette visite n\u2019est pas obligatoire et sans impact sur la s\u00e9lection finale. Pour visiter, envoyez un mail \u00e0 <a href=\"mailto:&#x70;&#x65;&#x70;&#x40;&#x73;&#x6d;&#x61;&#x72;&#x74;&#x2e;&#x63;&#x6f;&#x6f;&#x70; \">&#x70;&#x65;&#x70;&#x40;<span class=\"oe_displaynone\">null<\/span>&#x73;&#x6d;&#x61;&#x72;&#x74;&#x2e;&#x63;&#x6f;&#x6f;&#x70;<\/a><\/li>\n<li>25\/04: cl\u00f4ture<\/li>\n<li>05\/05: s\u00e9lection<\/li>\n<\/ul>\n<h3>Liste des pi\u00e8ces \u00e0 fournir:<strong><\/strong><\/h3>\n<p>Seuls seront estim\u00e9s recevables les dossiers comprenant la totalit\u00e9 des \u00e9l\u00e9ments suivants :<\/p>\n<ul>\n<li>Formulaire de participation (\u00e0 <a href=\"https:\/\/smartbe.be\/wordpress\/..\/wp-content\/uploads\/2014\/04\/Formulaire-participation_appel-a-projets_vf.pdf\">t\u00e9l\u00e9charger<\/a>)<\/li>\n<li>C.V. artistique (format Word\/PDF)<\/li>\n<li>Une introduction g\u00e9n\u00e9rale de votre travail (format Word\/PDF)<\/li>\n<li>Photos, documents, \u2026 qui illustrent votre travail<\/li>\n<\/ul>","protected":false},"excerpt":{"rendered":"<p>Peinture, sculpture, photographie, dessin, calligraphie, chant, po\u00e9sie, musique, danse, th\u00e9\u00e2tre\u2026 toutes les disciplines sont les bienvenues. Consultez les conditions de participation ci-dessous. Int\u00e9ress\u00e9? Rien de plus simple : compl\u00e9tez et envoyez le\u00a0 formulaire de participation accompagn\u00e9 de tout autre document &hellip;<\/p>\n","protected":false},"author":14,"featured_media":0,"comment_status":"closed","ping_status":"closed","sticky":false,"template":"","format":"standard","meta":{"footnotes":""},"categories":[153],"tags":[],"class_list":["post-5803","post","type-post","status-publish","format-standard","hentry","category-appel-a-projets"],"aioseo_notices":[],"_links":{"self":[{"href":"https:\/\/smartbe.be\/fr\/wp-json\/wp\/v2\/posts\/5803","targetHints":{"allow":["GET"]}}],"collection":[{"href":"https:\/\/smartbe.be\/fr\/wp-json\/wp\/v2\/posts"}],"about":[{"href":"https:\/\/smartbe.be\/fr\/wp-json\/wp\/v2\/types\/post"}],"author":[{"embeddable":true,"href":"https:\/\/smartbe.be\/fr\/wp-json\/wp\/v2\/users\/14"}],"replies":[{"embeddable":true,"href":"https:\/\/smartbe.be\/fr\/wp-json\/wp\/v2\/comments?post=5803"}],"version-history":[{"count":15,"href":"https:\/\/smartbe.be\/fr\/wp-json\/wp\/v2\/posts\/5803\/revisions"}],"predecessor-version":[{"id":5819,"href":"https:\/\/smartbe.be\/fr\/wp-json\/wp\/v2\/posts\/5803\/revisions\/5819"}],"wp:attachment":[{"href":"https:\/\/smartbe.be\/fr\/wp-json\/wp\/v2\/media?parent=5803"}],"wp:term":[{"taxonomy":"category","embeddable":true,"href":"https:\/\/smartbe.be\/fr\/wp-json\/wp\/v2\/categories?post=5803"},{"taxonomy":"post_tag","embeddable":true,"href":"https:\/\/smartbe.be\/fr\/wp-json\/wp\/v2\/tags?post=5803"}],"curies":[{"name":"wp","href":"https:\/\/api.w.org\/{rel}","templated":true}]}}