
{"id":5729,"date":"2014-04-11T10:18:11","date_gmt":"2014-04-11T09:18:11","guid":{"rendered":"http:\/\/smartbe.be\/?p=5729"},"modified":"2014-04-16T10:30:17","modified_gmt":"2014-04-16T09:30:17","slug":"balkan-trafik-festival-tarif-preferentiel-bxl-01-0405","status":"publish","type":"post","link":"https:\/\/smartbe.be\/fr\/news\/balkan-trafik-festival-tarif-preferentiel-bxl-01-0405\/","title":{"rendered":"Balkan Trafik Festival: tarif pr\u00e9f\u00e9rentiel &#8211; BXL 01-04\/05"},"content":{"rendered":"<p><a href=\"https:\/\/smartbe.be\/wordpress\/..\/wp-content\/uploads\/2014\/04\/logo.jpg\"><img loading=\"lazy\" decoding=\"async\" class=\"aligncenter size-full wp-image-5730\" alt=\"logo\" src=\"https:\/\/smartbe.be\/wordpress\/..\/wp-content\/uploads\/2014\/04\/logo.jpg\" width=\"180\" height=\"180\" srcset=\"https:\/\/smartbe.be\/wp-content\/uploads\/2014\/04\/logo.jpg 180w, https:\/\/smartbe.be\/wp-content\/uploads\/2014\/04\/logo-150x150.jpg 150w\" sizes=\"auto, (max-width: 180px) 100vw, 180px\" \/><\/a><\/p>\n\n<p>\u00ab\u00a0Le meilleur des Balkans 5 jours durant !\u00a0\u00bb: voil\u00e0 le programme de ce festival original. Organis\u00e9 par\u00a0 l&rsquo;asbl 1001 Valises et BOZAR, le Balkan Trafik\u00a0 r\u00e9unit sur sc\u00e8ne c\u00e9l\u00e9brit\u00e9s internationales et \u00ab l\u00e9gendes vivantes \u00bb des Balkans autour de la musique Rom, du rock engag\u00e9, du jazz ou m\u00eame de la musique traditionnelle et \u00e9lectronique. Films, d\u00e9bats, ateliers, gastronomie, vin et danse compl\u00e8tent l&rsquo;affiche.<\/p>\n<p>Nos membres b\u00e9n\u00e9ficient d&rsquo;une r\u00e9duction de 25% sur le prix d&rsquo;entr\u00e9e &#8211; soit 16\u20ac pour un jour de festival &#8211; si notre guestlist atteint les 50 inscrits. Int\u00e9ress\u00e9? Il vous suffit d&rsquo; <a href=\"http:\/\/www.balkantrafik.com\/fr\/contact\/\">envoyer vos coordonn\u00e9es aux responsables du festival<\/a> (nom, pr\u00e9nom, date (s) et nombre de places d\u00e9sir\u00e9es) en pr\u00e9cisant que vous \u00eates membre de Smart. Le tarif r\u00e9duit vous sera confirm\u00e9 d\u00e8s que nous atteignons les 50 inscriptions.<\/p>\n<p>Pour le programme complet, rendez-vous sur <a href=\"http:\/\/www.balkantrafik.com\/fr\/lineup-fr\/\">le site du festival<\/a>.<\/p>\n<p>&nbsp;<\/p>\n<p>&nbsp;<\/p>","protected":false},"excerpt":{"rendered":"<p>\u00ab\u00a0Le meilleur des Balkans 5 jours durant !\u00a0\u00bb: voil\u00e0 le programme de ce festival original. Organis\u00e9 par\u00a0 l&rsquo;asbl 1001 Valises et BOZAR, le Balkan Trafik\u00a0 r\u00e9unit sur sc\u00e8ne c\u00e9l\u00e9brit\u00e9s internationales et \u00ab l\u00e9gendes vivantes \u00bb des Balkans autour de la &hellip;<\/p>\n","protected":false},"author":3,"featured_media":0,"comment_status":"closed","ping_status":"closed","sticky":false,"template":"","format":"standard","meta":{"footnotes":""},"categories":[15],"tags":[],"class_list":["post-5729","post","type-post","status-publish","format-standard","hentry","category-annonces"],"aioseo_notices":[],"_links":{"self":[{"href":"https:\/\/smartbe.be\/fr\/wp-json\/wp\/v2\/posts\/5729","targetHints":{"allow":["GET"]}}],"collection":[{"href":"https:\/\/smartbe.be\/fr\/wp-json\/wp\/v2\/posts"}],"about":[{"href":"https:\/\/smartbe.be\/fr\/wp-json\/wp\/v2\/types\/post"}],"author":[{"embeddable":true,"href":"https:\/\/smartbe.be\/fr\/wp-json\/wp\/v2\/users\/3"}],"replies":[{"embeddable":true,"href":"https:\/\/smartbe.be\/fr\/wp-json\/wp\/v2\/comments?post=5729"}],"version-history":[{"count":9,"href":"https:\/\/smartbe.be\/fr\/wp-json\/wp\/v2\/posts\/5729\/revisions"}],"predecessor-version":[{"id":6008,"href":"https:\/\/smartbe.be\/fr\/wp-json\/wp\/v2\/posts\/5729\/revisions\/6008"}],"wp:attachment":[{"href":"https:\/\/smartbe.be\/fr\/wp-json\/wp\/v2\/media?parent=5729"}],"wp:term":[{"taxonomy":"category","embeddable":true,"href":"https:\/\/smartbe.be\/fr\/wp-json\/wp\/v2\/categories?post=5729"},{"taxonomy":"post_tag","embeddable":true,"href":"https:\/\/smartbe.be\/fr\/wp-json\/wp\/v2\/tags?post=5729"}],"curies":[{"name":"wp","href":"https:\/\/api.w.org\/{rel}","templated":true}]}}