
{"id":5525,"date":"2014-04-15T12:00:05","date_gmt":"2014-04-15T11:00:05","guid":{"rendered":"http:\/\/smartbe.be\/?p=5525"},"modified":"2014-05-15T16:28:29","modified_gmt":"2014-05-15T15:28:29","slug":"exposition-voies-bruxelles-7-115","status":"publish","type":"post","link":"https:\/\/smartbe.be\/fr\/news\/exposition-voies-bruxelles-7-115\/","title":{"rendered":"Exposition \u00ab Voies \u00bb &#8211; Bruxelles 7-14\/5"},"content":{"rendered":"<p>Yorick et Catherine se sont rencontr\u00e9s il y a 7 ans \u00e0 l\u2019Acad\u00e9mie Royale des Beaux-Arts de Bruxelles. Voisins d\u2019atelier, \u00a0ils ont accept\u00e9 de se servir mutuellement de mod\u00e8le et se sont trouv\u00e9 de belles compl\u00e9mentarit\u00e9s. Une fois leur dipl\u00f4me en poche, ils se sont r\u00e9unis autour d\u2019une m\u00eame utopie\u00a0: faire rayonner la beaut\u00e9 pour qu\u2019elle touche les c\u0153urs et les esprits. Cette collaboration soutient la production individuelle de chacun tout en respectant leur style.<\/p>\n<p>L\u2019exposition pr\u00e9sent\u00e9e au mois de mai au <a href=\"http:\/\/www.creativespot.be\/fr\/creativespot\/lavallee\">Lavall\u00e9e Creative Spot<\/a> est une construction bas\u00e9e sur une discussion.\u00a0 Avec \u00ab\u00a0Voies\u00a0\u00bb, Yorick et Catherine tentent une mise au point d\u2019un peintre \u00e0 un autre, d\u2019une toile \u00e0 l\u2019exposition, d\u2019un trait \u00e0 une couleur.<\/p>\n<p>D\u00e9couvrez le travail de Yorick Efira <a href=\"http:\/\/yorickefira.carbonmade.com\/\">sur son site<\/a>.<\/p>\n<h1>Infos pratiques<\/h1>\n<ul>\n<li><strong>Quand:<\/strong> du 8 au 11 mai de 11h \u00e0 19h30. Samedi 10 et dimanche 11 jusqu&rsquo;\u00e0 18h. Vernissage le 7 mai de 18h \u00e0 22h.<\/li>\n<li><strong>O\u00f9<\/strong>: \u00a0<a href=\"http:\/\/www.creativespot.be\/fr\/creativespot\/lavallee\">Lavall\u00e9e Creative Spot<\/a>, rue du Choeur 47 \u00e0 Molenbeek (<a href=\"http:\/\/goo.gl\/maps\/WVePY\">plan<\/a>)<\/li>\n<\/ul>","protected":false},"excerpt":{"rendered":"<p>Yorick et Catherine se sont rencontr\u00e9s il y a 7 ans \u00e0 l\u2019Acad\u00e9mie Royale des Beaux-Arts de Bruxelles. Voisins d\u2019atelier, \u00a0ils ont accept\u00e9 de se servir mutuellement de mod\u00e8le et se sont trouv\u00e9 de belles compl\u00e9mentarit\u00e9s. Une fois leur dipl\u00f4me &hellip;<\/p>\n","protected":false},"author":3,"featured_media":0,"comment_status":"closed","ping_status":"closed","sticky":false,"template":"","format":"standard","meta":{"footnotes":""},"categories":[15],"tags":[],"class_list":["post-5525","post","type-post","status-publish","format-standard","hentry","category-annonces"],"aioseo_notices":[],"_links":{"self":[{"href":"https:\/\/smartbe.be\/fr\/wp-json\/wp\/v2\/posts\/5525","targetHints":{"allow":["GET"]}}],"collection":[{"href":"https:\/\/smartbe.be\/fr\/wp-json\/wp\/v2\/posts"}],"about":[{"href":"https:\/\/smartbe.be\/fr\/wp-json\/wp\/v2\/types\/post"}],"author":[{"embeddable":true,"href":"https:\/\/smartbe.be\/fr\/wp-json\/wp\/v2\/users\/3"}],"replies":[{"embeddable":true,"href":"https:\/\/smartbe.be\/fr\/wp-json\/wp\/v2\/comments?post=5525"}],"version-history":[{"count":10,"href":"https:\/\/smartbe.be\/fr\/wp-json\/wp\/v2\/posts\/5525\/revisions"}],"predecessor-version":[{"id":6746,"href":"https:\/\/smartbe.be\/fr\/wp-json\/wp\/v2\/posts\/5525\/revisions\/6746"}],"wp:attachment":[{"href":"https:\/\/smartbe.be\/fr\/wp-json\/wp\/v2\/media?parent=5525"}],"wp:term":[{"taxonomy":"category","embeddable":true,"href":"https:\/\/smartbe.be\/fr\/wp-json\/wp\/v2\/categories?post=5525"},{"taxonomy":"post_tag","embeddable":true,"href":"https:\/\/smartbe.be\/fr\/wp-json\/wp\/v2\/tags?post=5525"}],"curies":[{"name":"wp","href":"https:\/\/api.w.org\/{rel}","templated":true}]}}