
{"id":4801,"date":"2014-04-08T10:37:44","date_gmt":"2014-04-08T09:37:44","guid":{"rendered":"http:\/\/smartbe.be\/?p=4801"},"modified":"2014-04-15T10:39:38","modified_gmt":"2014-04-15T09:39:38","slug":"reforme-volet-chomage-nouvelles-rencontres-info-bxl-et-wallonie","status":"publish","type":"post","link":"https:\/\/smartbe.be\/fr\/news\/reforme-volet-chomage-nouvelles-rencontres-info-bxl-et-wallonie\/","title":{"rendered":"R\u00e9forme &#8211; volet ch\u00f4mage: nouvelles rencontres-info &#8211; BXL et Namur"},"content":{"rendered":"<h1><a href=\"https:\/\/smartbe.be\/wordpress\/..\/wp-content\/uploads\/2014\/03\/session_info_reforme.jpg\"><img loading=\"lazy\" decoding=\"async\" class=\"size-medium wp-image-4804 alignright\" alt=\"session_info_reforme\" src=\"https:\/\/smartbe.be\/wordpress\/..\/wp-content\/uploads\/2014\/03\/session_info_reforme-300x225.jpg\" width=\"300\" height=\"225\" srcset=\"https:\/\/smartbe.be\/wp-content\/uploads\/2014\/03\/session_info_reforme-300x225.jpg 300w, https:\/\/smartbe.be\/wp-content\/uploads\/2014\/03\/session_info_reforme-400x300.jpg 400w, https:\/\/smartbe.be\/wp-content\/uploads\/2014\/03\/session_info_reforme-290x217.jpg 290w, https:\/\/smartbe.be\/wp-content\/uploads\/2014\/03\/session_info_reforme.jpg 960w\" sizes=\"auto, (max-width: 300px) 100vw, 300px\" \/><\/a>\u00c0 Bruxelles<\/h1>\n<p><strong>\u00a0<\/strong><strong>Bureaux de Saint-Gilles<\/strong><\/p>\n<p><em id=\"__mceDel\">Quand? A 10h <strong>un vendredi sur deux \u00e0 partir du 25 avril (jusqu&rsquo;au 23 mai).<br \/>\n<\/strong><\/em><\/p>\n<p><em>O\u00f9?<\/em> Dans nos locaux de St-Gilles &#8211; rue Coenraets 82<br \/>\n<em id=\"__mceDel\"><a href=\"https:\/\/www.eventbrite.fr\/e\/inscription-saint-gilles-rencontre-info-sur-la-reforme-du-statut-social-dartiste-10272999819\"><strong><br \/>\nJe souhaite m&rsquo;inscrire<\/strong><\/a><\/em><\/p>\n<h1>\u00c0 Namur<\/h1>\n<p><em id=\"__mceDel\">Quand?\u00a0 <\/em>Le 25 avril de 10h \u00e0 13 h.<\/p>\n<p><em>O\u00f9?<\/em> Dans nos bureaux, avenue Cardinal Mercier 59 \u00e0 5000 Namur.<\/p>\n<p><strong><em><a href=\"http:\/\/www.eventbrite.fr\/e\/billets-namur-rencontre-info-en-matinee-sur-la-reforme-du-statut-social-dartiste-volet-chomage-11265430205?utm_campaign=new_eventv2&amp;utm_medium=email&amp;utm_source=eb_email&amp;utm_term=eventurl_text\">Je souhaite m&rsquo;inscrire<\/a><\/em><\/strong><\/p>\n<h1>Contact<\/h1>\n<div>\n<ul class=\"nav nav-chevron\">\n<li><a href=\"mailto:&#x72;&#x6f;&#x72;&#x40;&#x73;&#x6d;&#x61;&#x72;&#x74;&#x2e;&#x63;&#x6f;&#x6f;&#x70; \">Saint-Gilles: Rosa Rochman<\/a><\/li>\n<li><a href=\"mailto: &#x74;&#x6f;&#x66;&#x40;&#x73;&#x6d;&#x61;&#x72;&#x74;&#x2e;&#x63;&#x6f;&#x6f;&#x70;\">Namur: Nathalie Toledo<\/a><\/li>\n<\/ul>\n<\/div>","protected":false},"excerpt":{"rendered":"<p>\u00c0 Bruxelles \u00a0Bureaux de Saint-Gilles Quand? A 10h un vendredi sur deux \u00e0 partir du 25 avril (jusqu&rsquo;au 23 mai). O\u00f9? Dans nos locaux de St-Gilles &#8211; rue Coenraets 82 Je souhaite m&rsquo;inscrire \u00c0 Namur Quand?\u00a0 Le 25 avril de &hellip;<\/p>\n","protected":false},"author":3,"featured_media":0,"comment_status":"closed","ping_status":"closed","sticky":false,"template":"","format":"standard","meta":{"footnotes":""},"categories":[25,24],"tags":[],"class_list":["post-4801","post","type-post","status-publish","format-standard","hentry","category-debats","category-evenements"],"aioseo_notices":[],"_links":{"self":[{"href":"https:\/\/smartbe.be\/fr\/wp-json\/wp\/v2\/posts\/4801","targetHints":{"allow":["GET"]}}],"collection":[{"href":"https:\/\/smartbe.be\/fr\/wp-json\/wp\/v2\/posts"}],"about":[{"href":"https:\/\/smartbe.be\/fr\/wp-json\/wp\/v2\/types\/post"}],"author":[{"embeddable":true,"href":"https:\/\/smartbe.be\/fr\/wp-json\/wp\/v2\/users\/3"}],"replies":[{"embeddable":true,"href":"https:\/\/smartbe.be\/fr\/wp-json\/wp\/v2\/comments?post=4801"}],"version-history":[{"count":23,"href":"https:\/\/smartbe.be\/fr\/wp-json\/wp\/v2\/posts\/4801\/revisions"}],"predecessor-version":[{"id":5933,"href":"https:\/\/smartbe.be\/fr\/wp-json\/wp\/v2\/posts\/4801\/revisions\/5933"}],"wp:attachment":[{"href":"https:\/\/smartbe.be\/fr\/wp-json\/wp\/v2\/media?parent=4801"}],"wp:term":[{"taxonomy":"category","embeddable":true,"href":"https:\/\/smartbe.be\/fr\/wp-json\/wp\/v2\/categories?post=4801"},{"taxonomy":"post_tag","embeddable":true,"href":"https:\/\/smartbe.be\/fr\/wp-json\/wp\/v2\/tags?post=4801"}],"curies":[{"name":"wp","href":"https:\/\/api.w.org\/{rel}","templated":true}]}}