
{"id":40435,"date":"2023-09-08T14:35:11","date_gmt":"2023-09-08T12:35:11","guid":{"rendered":"https:\/\/smartbe.be\/?p=40435"},"modified":"2023-10-27T13:44:12","modified_gmt":"2023-10-27T11:44:12","slug":"2-octobre-2023-nouveau-cine-club-apmc-des-images-et-du-sens","status":"publish","type":"post","link":"https:\/\/smartbe.be\/fr\/news\/2-octobre-2023-nouveau-cine-club-apmc-des-images-et-du-sens\/","title":{"rendered":"21\/11 &#8211; Nouveau Cin\u00e9-club APMC: des images et du sens"},"content":{"rendered":"<div class=\"entry-content\">\n<p><strong>On n\u2019a pas vraiment pr\u00e9vu de popcorn, mais comme on partage d\u00e9j\u00e0 un bel espace, un grand \u00e9cran, des chaises, du caf\u00e9 et des id\u00e9es\u2026 si on se faisait notre cin\u00e9ma \u00e0 nous?<\/strong><\/p>\n<p>Ok! Nouveaut\u00e9 pour la rentr\u00e9e de Smart et de sa vie coop\u00e9rative, l\u2019APMC (Association professionnelle des m\u00e9tiers de la cr\u00e9ation) ne se contentera plus de ses nombreuses publications (<a href=\"https:\/\/smartbe.be\/fr\/publications\/\">https:\/\/smartbe.be\/fr\/publications\/<\/a>) et de ses d\u00e9bats-conf\u00e9rences\u2026 d\u00e9sormais \u00e0 Bruxelles on partage aussi films et documentaires dans le <strong>Cin\u00e9-club\u202fAPMC<\/strong>!<\/p>\n<h3>Un Cin\u00e9-club?<\/h3>\n<p>On conna\u00eet ceux des mordus des ann\u00e9es Western, du cin\u00e9ma ind\u00e9pendant, des classiques hollywoodiens ou de la Nouvelle Vague, et ce public passionn\u00e9 qui \u00e0 la fin discute des plans-s\u00e9quence ou du jeu d\u2019Hanna Schygulla pendant des heures. Le n\u00f4tre sera plein de sens et de questions sociales, alternant films et documentaires aux sujets proches de la coop\u00e9rative.<\/p>\n<p>Car justement! Smart et son association d\u2019\u00e9ducation populaire l\u2019APMC sont en <strong>partenariat avec Bruxelles La\u00efque<\/strong>, l\u2019organisatrice du <em>Festival des Libert\u00e9s<\/em> auquel Smart participe activement. De nombreux films documentaires y sont projet\u00e9s, vecteurs de t\u00e9moignages de r\u00e9sistance et de d\u00e9fense des droits et libert\u00e9s. Depuis 2012, un <strong>prix Smart<\/strong> y est m\u00eame d\u00e9cern\u00e9 chaque ann\u00e9e par un jury compos\u00e9 de membres de la coop\u00e9rative. Certains films du festival sont ensuite remis \u00e0 l\u2019honneur au cours de l\u2019ann\u00e9e pour le \u00abCin\u00e9-Libert\u00e9s\u00bb, install\u00e9 dans deux cin\u00e9mas ind\u00e9pendants de Bruxelles: le Vend\u00f4me et l\u2019Aventure.<\/p>\n<p>Dans son magnifique <strong>espace de la Kop<\/strong> \u00e0 deux pas de la Porte de Hal, le nouveau Cin\u00e9-club de l\u2019APMC-Smart vous donnera l\u2019occasion de venir voir gratuitement toute une s\u00e9rie de films, certains issus de la programmation du Cin\u00e9-Libert\u00e9s, mais pas seulement.<\/p>\n<p>Les portes se sont ouvertes pour une premi\u00e8re s\u00e9ance le 2 octobre dernier, et depuis se rouvrent chaque mois, parfois le lundi, le mardi ou le jeudi. Prenez d\u00e9j\u00e0 date pour la seconde \u00e9dition du <strong>mardi 21 novembre<\/strong> \u00e0 18h avec le documentaire <strong>\u00ab\u00a0Shadow Game\u00a0\u00bb<\/strong> (prix sp\u00e9cial Smart 2021 au Festival des Libert\u00e9s) de Eefje Blankevoort et Els Van Driel! <strong>Et pour toutes les suivantes, dont <a href=\"https:\/\/kronik.smart.coop\/cine-club-smart-apmc-fait-son-cinema-decouvrez-les-seances-a-venir\/\">vous trouvez le programme complet jusqu&rsquo;au printemps 2024 ici<\/a>.<\/strong><\/p>\n<p>&nbsp;<\/p>\n<h3>S\u00e9ance du 2 octobre \u00e0 18h: \u201cMarch for dignity\u201d<\/h3>\n<p>Documentaire de John Eames. Un groupe d\u2019activistes LGBTQI+ tente d\u2019organiser la premi\u00e8re Pride de G\u00e9orgie. Mais une Pride n\u2019est pas uniquement un moment de f\u00eate, c\u2019est avant tout un acte fort de d\u00e9fense des droits fondamentaux et une r\u00e9ponse spectaculaire \u00e0 la discrimination. Face au courage et au calme des organisateurs, des groupes traditionalistes, machistes et violents, sont appel\u00e9s ouvertement \u00e0 la violence par l\u2019\u00c9glise locale. En 75 minutes, le t\u00e9moignage d\u2019une lutte pour le droit d\u2019exister dans le calme et la paix.<br \/>\nCe film a re\u00e7u le prix sp\u00e9cial Smart du documentaire au Festival des Libert\u00e9s 2022.<\/p>\n<p><strong>Bande annonce<\/strong> (ici sans sous-titrage Fr)<\/p>\n<div class=\"video-container\"><iframe loading=\"lazy\" title=\"March for Dignity - Trailer\" width=\"584\" height=\"329\" src=\"https:\/\/www.youtube.com\/embed\/JgEqwJfayqU?feature=oembed\" frameborder=\"0\" allow=\"accelerometer; autoplay; clipboard-write; encrypted-media; gyroscope; picture-in-picture; web-share\" referrerpolicy=\"strict-origin-when-cross-origin\" allowfullscreen><\/iframe><\/div>\n<p>&nbsp;<\/p>\n<p><strong>Entr\u00e9e Kop: 72 rue Coenraets \u2013 1060 Bruxelles.<\/strong><br \/>\n\u2013 parking v\u00e9lo facile au jardin<br \/>\n\u2013 bus-tram arr\u00eat Su\u00e8de, ou m\u00e9tro Porte de Hal<br \/>\n\u2013 Villo! stations 065, 344, 349.<\/p>\n<\/div>","protected":false},"excerpt":{"rendered":"<p>On n\u2019a pas vraiment pr\u00e9vu de popcorn, mais comme on partage d\u00e9j\u00e0 un bel espace, un grand \u00e9cran, des chaises, du caf\u00e9 et des id\u00e9es\u2026 si on se faisait notre cin\u00e9ma \u00e0 nous? Ok! Nouveaut\u00e9 pour la rentr\u00e9e de Smart &hellip;<\/p>\n","protected":false},"author":13,"featured_media":40436,"comment_status":"closed","ping_status":"closed","sticky":false,"template":"","format":"standard","meta":{"footnotes":""},"categories":[24],"tags":[559],"class_list":["post-40435","post","type-post","status-publish","format-standard","has-post-thumbnail","hentry","category-evenements","tag-homebanners"],"aioseo_notices":[],"_links":{"self":[{"href":"https:\/\/smartbe.be\/fr\/wp-json\/wp\/v2\/posts\/40435","targetHints":{"allow":["GET"]}}],"collection":[{"href":"https:\/\/smartbe.be\/fr\/wp-json\/wp\/v2\/posts"}],"about":[{"href":"https:\/\/smartbe.be\/fr\/wp-json\/wp\/v2\/types\/post"}],"author":[{"embeddable":true,"href":"https:\/\/smartbe.be\/fr\/wp-json\/wp\/v2\/users\/13"}],"replies":[{"embeddable":true,"href":"https:\/\/smartbe.be\/fr\/wp-json\/wp\/v2\/comments?post=40435"}],"version-history":[{"count":6,"href":"https:\/\/smartbe.be\/fr\/wp-json\/wp\/v2\/posts\/40435\/revisions"}],"predecessor-version":[{"id":45934,"href":"https:\/\/smartbe.be\/fr\/wp-json\/wp\/v2\/posts\/40435\/revisions\/45934"}],"wp:featuredmedia":[{"embeddable":true,"href":"https:\/\/smartbe.be\/fr\/wp-json\/wp\/v2\/media\/40436"}],"wp:attachment":[{"href":"https:\/\/smartbe.be\/fr\/wp-json\/wp\/v2\/media?parent=40435"}],"wp:term":[{"taxonomy":"category","embeddable":true,"href":"https:\/\/smartbe.be\/fr\/wp-json\/wp\/v2\/categories?post=40435"},{"taxonomy":"post_tag","embeddable":true,"href":"https:\/\/smartbe.be\/fr\/wp-json\/wp\/v2\/tags?post=40435"}],"curies":[{"name":"wp","href":"https:\/\/api.w.org\/{rel}","templated":true}]}}