
{"id":36966,"date":"2022-04-25T11:59:24","date_gmt":"2022-04-25T10:59:24","guid":{"rendered":"https:\/\/smartbe.be\/?p=36966"},"modified":"2022-07-27T19:22:50","modified_gmt":"2022-07-27T17:22:50","slug":"18-mai-2022-ateliers-debat-peut-on-imaginer-un-avenir-sans-chomage","status":"publish","type":"post","link":"https:\/\/smartbe.be\/fr\/news\/18-mai-2022-ateliers-debat-peut-on-imaginer-un-avenir-sans-chomage\/","title":{"rendered":"Revoir en vid\u00e9o : Peut-on imaginer un avenir sans ch\u00f4mage ? L&rsquo;exp\u00e9rience des territoires z\u00e9ro ch\u00f4meurs"},"content":{"rendered":"<p><strong>C\u2019est le retour du cycle de conf\u00e9rences co-organis\u00e9 par Smart et SAW-B intitul\u00e9 \u00ab la coop\u00e9ration, \u00e7a se cultive \u00bb! Le 18 mai \u00e0 Saint-Gilles \u00e9taient organis\u00e9s des ateliers et une conf\u00e9rence\/d\u00e9bat sur le th\u00e8me des territoires z\u00e9ro ch\u00f4meurs. On a observ\u00e9 de pr\u00e8s ce qu\u2019il se passe en France, et on se penche sur le cas de la Belgique. On vous explique tout dans cet article !<\/strong><\/p>\n<p>Le ch\u00f4mage n\u2019est pas une fatalit\u00e9, mais c\u2019est pourtant une r\u00e9alit\u00e9 structurelle qui exclut et pr\u00e9carise de nombreuses personnes. Les politiques publiques peinent \u00e0 faire face \u00e0 ce ph\u00e9nom\u00e8ne de soci\u00e9t\u00e9 qui trouve son origine dans le fonctionnement normal du capitalisme et de ses crises. Ainsi, et particuli\u00e8rement en Belgique, on d\u00e9nombre beaucoup de ce qu\u2019on nomme des \u00ab ch\u00f4meurs de longue dur\u00e9e \u00bb qui s\u2019\u00e9loignent toujours plus des perspectives d\u2019emplois (par manque d\u2019emplois cr\u00e9\u00e9s, manque de socialisation, stigmatisation), et envers qui on ne r\u00e9pond que par des politiques d\u2019\u00ab activation \u00bb ou discriminantes (comme la d\u00e9gressivit\u00e9 des allocations de ch\u00f4mage dans le temps).<\/p>\n<p>Pourtant, en France, cela fait depuis 2016 qu\u2019un nouveau type de cr\u00e9ation d\u2019emploi a vu le jour, soutenu par les pouvoirs publics et les collectivit\u00e9s territoriales, et \u00e0 destination des ch\u00f4meurs de longue dur\u00e9e. Ces \u00ab Territoires Z\u00e9ro Ch\u00f4meurs de longue dur\u00e9e \u00bb (TZCLD) ont pu se d\u00e9velopper gr\u00e2ce \u00e0 des dynamiques et des approches propres \u00e0 l\u2019Economie sociale et solidaire (ESS), en s\u2019appuyant sur des besoins sociaux locaux, et avec une gestion en partie ind\u00e9pendante des pouvoirs publics. En Belgique, des inspirations de ce mod\u00e8le ont \u00e9t\u00e9 \u00e9tudi\u00e9es, mais celles-ci pr\u00e9sentent des diff\u00e9rences importantes avec les exp\u00e9riences fran\u00e7aises.<\/p>\n<p>Smart et SAW-B vous proposaient de venir discuter de ces perspectives et d\u00e9battre sur la n\u00e9cessit\u00e9 de cr\u00e9er davantage d\u2019emplois locaux et durables, en prenant connaissance des projets belges qui vont dans ce sens de mani\u00e8re critique et constructive. Pointer les diff\u00e9rences entre ces initiatives et les exp\u00e9riences fran\u00e7aises permet naturellement de mieux les comprendre.<\/p>\n<p><strong>Au programme le 18 mai dernier, en d\u00e9tails:<\/strong><\/p>\n<ul>\n<li>9h30 petit d\u00e9jeuner ensemble<\/li>\n<li>10h45 Ateliers et groupes de travail :\n<ol>\n<li>Quelles sont les causes du ch\u00f4mage de longue dur\u00e9e ?<\/li>\n<li>Quelles sont les actions des pouvoirs publics au sujet des TZCLD ?<\/li>\n<li>Quels emplois de demain pour r\u00e9pondre aux besoins du territoire ?<\/li>\n<\/ol>\n<\/li>\n<li>12h (sur place et en direct sur YouTube), d\u00e9bat en pl\u00e9ni\u00e8re : Comment d\u00e9velopper des Territoires Z\u00e9ro Ch\u00f4meurs en lien avec l\u2019\u00e9conomie sociale et solidaire ?<\/li>\n<\/ul>\n<p>La vid\u00e9o du d\u00e9bat, \u00e0 (re)d\u00e9couvrir: <a href=\"https:\/\/www.youtube.com\/watch?v=nUz_-XV13K0\">https:\/\/www.youtube.com\/watch?v=nUz_-XV13K0<\/a><br \/>\nEnregistr\u00e9 le 18 mai 2022, dans la salle \u00ab\u00a0Kop\u00a0\u00bb, espace partag\u00e9 de Smart, rue Coenraets, 72 \u2013 1060 Bruxelles<\/p>\n<p><strong>Les \u00e9ditions pr\u00e9c\u00e9dentes de \u00ab\u00a0La coop\u00e9ration \u00e7a se cultive !\u00a0\u00bb<\/strong><\/p>\n<p>#7 : O\u00f9 dispara\u00eet l&rsquo;argent public?<\/p>\n<div class=\"video-container\">\n<blockquote class=\"wp-embedded-content\" data-secret=\"jVtLYmS5VL\"><p><a href=\"https:\/\/smartbe.be\/fr\/news\/8-mars-2022-ou-disparait-largent-public-debat-en-direct-avec-jean-christophe-defraigne\/\">Revoir en vid\u00e9o: \u00ab\u00a0O\u00f9 dispara\u00eet l\u2019argent public?\u00a0\u00bb avec Jean-Christophe Defraigne<\/a><\/p><\/blockquote>\n<p><iframe loading=\"lazy\" class=\"wp-embedded-content\" sandbox=\"allow-scripts\" security=\"restricted\" style=\"position: absolute; clip: rect(1px, 1px, 1px, 1px);\" title=\"\u00ab\u00a0Revoir en vid\u00e9o: \u00ab\u00a0O\u00f9 dispara\u00eet l\u2019argent public?\u00a0\u00bb avec Jean-Christophe Defraigne\u00a0\u00bb &#8212; Smart\" src=\"https:\/\/smartbe.be\/fr\/news\/8-mars-2022-ou-disparait-largent-public-debat-en-direct-avec-jean-christophe-defraigne\/embed\/#?secret=gaPVcwE9Bx#?secret=jVtLYmS5VL\" data-secret=\"jVtLYmS5VL\" width=\"584\" height=\"329\" frameborder=\"0\" marginwidth=\"0\" marginheight=\"0\" scrolling=\"no\"><\/iframe><\/div>\n<p>#6: Banques et \u00e9conomie sociale?<\/p>\n<div class=\"video-container\">\n<blockquote class=\"wp-embedded-content\" data-secret=\"Drceydqj6f\"><p><a href=\"https:\/\/smartbe.be\/fr\/news\/24-fev-2022-banques-et-economie-sociale-debat-en-direct-avec-aline-fares\/\">Revoir en vid\u00e9o: Banques et \u00e9conomie sociale? D\u00e9bat avec Aline Fares<\/a><\/p><\/blockquote>\n<p><iframe loading=\"lazy\" class=\"wp-embedded-content\" sandbox=\"allow-scripts\" security=\"restricted\" style=\"position: absolute; clip: rect(1px, 1px, 1px, 1px);\" title=\"\u00ab\u00a0Revoir en vid\u00e9o: Banques et \u00e9conomie sociale? D\u00e9bat avec Aline Fares\u00a0\u00bb &#8212; Smart\" src=\"https:\/\/smartbe.be\/fr\/news\/24-fev-2022-banques-et-economie-sociale-debat-en-direct-avec-aline-fares\/embed\/#?secret=WnXVnytxDI#?secret=Drceydqj6f\" data-secret=\"Drceydqj6f\" width=\"584\" height=\"329\" frameborder=\"0\" marginwidth=\"0\" marginheight=\"0\" scrolling=\"no\"><\/iframe><\/div>\n<p>#5: Pour s&rsquo;armer contre le n\u00e9olib\u00e9ralisme et les populismes<\/p>\n<div class=\"video-container\">\n<blockquote class=\"wp-embedded-content\" data-secret=\"H0XDkforja\"><p><a href=\"https:\/\/smartbe.be\/fr\/news\/pour-sarmer-contre-le-neoliberalisme-et-les-populismes-debat-avec-carmelo-virone-et-thomas-lamarche-09-11\/\">Vid\u00e9o &#8211; Pour s\u2019armer contre le n\u00e9olib\u00e9ralisme et les populismes: dialogue de Carmelo Virone et Thomas Lamarche<\/a><\/p><\/blockquote>\n<p><iframe loading=\"lazy\" class=\"wp-embedded-content\" sandbox=\"allow-scripts\" security=\"restricted\" style=\"position: absolute; clip: rect(1px, 1px, 1px, 1px);\" title=\"\u00ab\u00a0Vid\u00e9o &#8211; Pour s\u2019armer contre le n\u00e9olib\u00e9ralisme et les populismes: dialogue de Carmelo Virone et Thomas Lamarche\u00a0\u00bb &#8212; Smart\" src=\"https:\/\/smartbe.be\/fr\/news\/pour-sarmer-contre-le-neoliberalisme-et-les-populismes-debat-avec-carmelo-virone-et-thomas-lamarche-09-11\/embed\/#?secret=Rb3NEYWylN#?secret=H0XDkforja\" data-secret=\"H0XDkforja\" width=\"584\" height=\"329\" frameborder=\"0\" marginwidth=\"0\" marginheight=\"0\" scrolling=\"no\"><\/iframe><\/div>\n<p>Acc\u00e9der aux 7 vid\u00e9os des d\u00e9bats de 2021 et 2022:<\/p>\n<div class=\"video-container\"><iframe loading=\"lazy\" title=\"O\u00f9 dispara\u00eet l\u2019argent public? - La coop\u00e9ration \u00e7a se cultive #7\" width=\"584\" height=\"329\" src=\"https:\/\/www.youtube.com\/embed\/2vwAWNpUE1s?feature=oembed\" frameborder=\"0\" allow=\"accelerometer; autoplay; clipboard-write; encrypted-media; gyroscope; picture-in-picture; web-share\" referrerpolicy=\"strict-origin-when-cross-origin\" allowfullscreen><\/iframe><\/div>","protected":false},"excerpt":{"rendered":"<p>C\u2019est le retour du cycle de conf\u00e9rences co-organis\u00e9 par Smart et SAW-B intitul\u00e9 \u00ab la coop\u00e9ration, \u00e7a se cultive \u00bb! Le 18 mai \u00e0 Saint-Gilles \u00e9taient organis\u00e9s des ateliers et une conf\u00e9rence\/d\u00e9bat sur le th\u00e8me des territoires z\u00e9ro ch\u00f4meurs. On &hellip;<\/p>\n","protected":false},"author":13,"featured_media":36994,"comment_status":"closed","ping_status":"closed","sticky":false,"template":"","format":"standard","meta":{"footnotes":""},"categories":[25,24],"tags":[],"class_list":["post-36966","post","type-post","status-publish","format-standard","has-post-thumbnail","hentry","category-debats","category-evenements"],"aioseo_notices":[],"_links":{"self":[{"href":"https:\/\/smartbe.be\/fr\/wp-json\/wp\/v2\/posts\/36966","targetHints":{"allow":["GET"]}}],"collection":[{"href":"https:\/\/smartbe.be\/fr\/wp-json\/wp\/v2\/posts"}],"about":[{"href":"https:\/\/smartbe.be\/fr\/wp-json\/wp\/v2\/types\/post"}],"author":[{"embeddable":true,"href":"https:\/\/smartbe.be\/fr\/wp-json\/wp\/v2\/users\/13"}],"replies":[{"embeddable":true,"href":"https:\/\/smartbe.be\/fr\/wp-json\/wp\/v2\/comments?post=36966"}],"version-history":[{"count":16,"href":"https:\/\/smartbe.be\/fr\/wp-json\/wp\/v2\/posts\/36966\/revisions"}],"predecessor-version":[{"id":37661,"href":"https:\/\/smartbe.be\/fr\/wp-json\/wp\/v2\/posts\/36966\/revisions\/37661"}],"wp:featuredmedia":[{"embeddable":true,"href":"https:\/\/smartbe.be\/fr\/wp-json\/wp\/v2\/media\/36994"}],"wp:attachment":[{"href":"https:\/\/smartbe.be\/fr\/wp-json\/wp\/v2\/media?parent=36966"}],"wp:term":[{"taxonomy":"category","embeddable":true,"href":"https:\/\/smartbe.be\/fr\/wp-json\/wp\/v2\/categories?post=36966"},{"taxonomy":"post_tag","embeddable":true,"href":"https:\/\/smartbe.be\/fr\/wp-json\/wp\/v2\/tags?post=36966"}],"curies":[{"name":"wp","href":"https:\/\/api.w.org\/{rel}","templated":true}]}}