
{"id":36657,"date":"2022-03-09T12:30:56","date_gmt":"2022-03-09T11:30:56","guid":{"rendered":"https:\/\/smartbe.be\/?p=36657"},"modified":"2022-03-25T16:47:58","modified_gmt":"2022-03-25T15:47:58","slug":"29-03-debat-les-communs-a-laune-des-transformations-du-travail","status":"publish","type":"post","link":"https:\/\/smartbe.be\/fr\/news\/29-03-debat-les-communs-a-laune-des-transformations-du-travail\/","title":{"rendered":"29 mars 2022 &#8211; D\u00e9bat en direct: Les communs \u00e0 l\u2019aune des transformations du travail"},"content":{"rendered":"<p><strong>Les nouveaux d\u00e9fis pour une transition sociale et \u00e9cologique<\/strong><\/p>\n<p>La nouvelle \u00e8re des communs a commenc\u00e9&#8230; Depuis quelques ann\u00e9es, les \u00abbiens communs\u00bb sont \u00e0 nouveau au centre de la d\u00e9finition des nouvelles perspectives de transition sociale et \u00e9cologique. Cette notion est invoqu\u00e9e dans les domaines du travail, de la production scientifique, de la culture, de la sant\u00e9, de l&rsquo;agriculture, de l&rsquo;innovation technologique, dans des contextes urbains etc.\u202fpour d\u00e9finir de nouvelles pratiques sociales et productives, et ainsi concevoir un projet de soci\u00e9t\u00e9 post-capitaliste.<\/p>\n<p>Mais qu&rsquo;est-ce qu&rsquo;on entend quand on parle de \u00abcommun\u00bb? Comment l&rsquo;actualit\u00e9 des biens communs nous renvoie-t-elle \u00e0 l\u2019histoire des communs fonciers qui faisaient l\u2019objet d\u2019un usage collectif (par exemple au Moyen-\u00e2ge)? Enfin, comment les transformations r\u00e9centes du travail, r\u00e9sultant de la r\u00e9volution informatique et de l&rsquo;\u00e9mergence d&rsquo;une \u00e9conomie fond\u00e9e sur le r\u00f4le moteur de la connaissance, ont-elles contribu\u00e9 \u00e0 l&rsquo;\u00e9mergence de nouveaux \u201ccommuns\u201d?<\/p>\n<p><strong>Smart en discute le 29 mars en diffusion simultan\u00e9e sur Youtube depuis la \u00ab\u00a0Kop\u00a0\u00bb de Saint-Gilles \u00e0 Bruxelles, de 17h \u00e0 19h avec:<\/strong><\/p>\n<p><strong>Carlo Vercellone<\/strong> (Universit\u00e9 Paris 8)<br \/>\n<strong>Francesco Brancaccio<\/strong> (Universit\u00e9 Paris 8)<br \/>\n<strong>et Alfonso Giuliani<\/strong> (Centre d\u2019Economie de la Sorbonne)<br \/>\ntous trois auteurs du livre &lsquo;Le commun comme mode de production&rsquo;, Editions de l\u2019\u00e9clat, 2021,<br \/>\net une repr\u00e9sentante de SmartCoop.<\/p>\n<p>Le d\u00e9bat sera co-anim\u00e9 par<strong> Federico Puletti<\/strong> (Universit\u00e9 Paris 10 \/ Smart).<\/p>\n<p>&nbsp;<\/p>\n<p>Depuis sa transformation en coop\u00e9rative il y a quelques ann\u00e9e, Smart s&rsquo;est d\u00e9finie \u00e0 plusieurs reprises comme un \u00abcommun\u00bb ou comme une \u00abentreprise partag\u00e9e\u00bb. Michel Bauwens, th\u00e9oricien de l\u2019\u00e9conomie collaborative et chercheur en r\u00e9sidence chez Smart en 2020, a parl\u00e9 de notre exp\u00e9rience comme d\u2019une \u00abcoop\u00e9rative multi-professionnelle ouverte\u00bb bas\u00e9e sur le d\u00e9veloppement d&rsquo;une plateforme dont tous les soci\u00e9taires sont co-propri\u00e9taires. La rencontre est \u00e0 la fois l&rsquo;occasion d&rsquo;approfondir notre compr\u00e9hension du mouvement mondial des \u00abcommuns\u00bb, et de nous interroger sur le fonctionnement de notre coop\u00e9rative.<\/p>\n<p>Quiconque peut y assister en direct et en replay depuis la cha\u00eene Smart cooperative: <a href=\"https:\/\/www.youtube.com\/c\/smartcooperative\">https:\/\/www.youtube.com\/c\/smartcooperative<\/a><\/p>\n<p><strong>Pour y assister sur place, l&rsquo;inscription est requise et gratuite.<\/strong><br \/>\n<strong><a href=\"https:\/\/docs.google.com\/forms\/d\/e\/1FAIpQLScRG4-g804b_I_8CUAz6GVaCulrpDlTJk7PkGEVw8tIXfuPWw\/viewform\">Formulaire d&rsquo;inscription<\/a><\/strong><\/p>\n<p><strong>Adresse de l&rsquo;espace Kop:<\/strong> Smart Coop\u00e9rative, 72 rue Coenraets &#8211; 1060 Bruxelles<br \/>\n\u00e0 proximit\u00e9 imm\u00e9diate de la porte de Hal et de la gare du Midi.<\/p>","protected":false},"excerpt":{"rendered":"<p>Les nouveaux d\u00e9fis pour une transition sociale et \u00e9cologique La nouvelle \u00e8re des communs a commenc\u00e9&#8230; Depuis quelques ann\u00e9es, les \u00abbiens communs\u00bb sont \u00e0 nouveau au centre de la d\u00e9finition des nouvelles perspectives de transition sociale et \u00e9cologique. Cette notion &hellip;<\/p>\n","protected":false},"author":13,"featured_media":36686,"comment_status":"closed","ping_status":"closed","sticky":false,"template":"","format":"standard","meta":{"footnotes":""},"categories":[25,24],"tags":[],"class_list":["post-36657","post","type-post","status-publish","format-standard","has-post-thumbnail","hentry","category-debats","category-evenements"],"aioseo_notices":[],"_links":{"self":[{"href":"https:\/\/smartbe.be\/fr\/wp-json\/wp\/v2\/posts\/36657","targetHints":{"allow":["GET"]}}],"collection":[{"href":"https:\/\/smartbe.be\/fr\/wp-json\/wp\/v2\/posts"}],"about":[{"href":"https:\/\/smartbe.be\/fr\/wp-json\/wp\/v2\/types\/post"}],"author":[{"embeddable":true,"href":"https:\/\/smartbe.be\/fr\/wp-json\/wp\/v2\/users\/13"}],"replies":[{"embeddable":true,"href":"https:\/\/smartbe.be\/fr\/wp-json\/wp\/v2\/comments?post=36657"}],"version-history":[{"count":18,"href":"https:\/\/smartbe.be\/fr\/wp-json\/wp\/v2\/posts\/36657\/revisions"}],"predecessor-version":[{"id":36831,"href":"https:\/\/smartbe.be\/fr\/wp-json\/wp\/v2\/posts\/36657\/revisions\/36831"}],"wp:featuredmedia":[{"embeddable":true,"href":"https:\/\/smartbe.be\/fr\/wp-json\/wp\/v2\/media\/36686"}],"wp:attachment":[{"href":"https:\/\/smartbe.be\/fr\/wp-json\/wp\/v2\/media?parent=36657"}],"wp:term":[{"taxonomy":"category","embeddable":true,"href":"https:\/\/smartbe.be\/fr\/wp-json\/wp\/v2\/categories?post=36657"},{"taxonomy":"post_tag","embeddable":true,"href":"https:\/\/smartbe.be\/fr\/wp-json\/wp\/v2\/tags?post=36657"}],"curies":[{"name":"wp","href":"https:\/\/api.w.org\/{rel}","templated":true}]}}