
{"id":35534,"date":"2021-11-18T08:59:56","date_gmt":"2021-11-18T07:59:56","guid":{"rendered":"https:\/\/smartbe.be\/?p=35534"},"modified":"2021-11-19T13:25:37","modified_gmt":"2021-11-19T12:25:37","slug":"pour-sarmer-contre-le-neoliberalisme-et-les-populismes-debat-avec-carmelo-virone-et-thomas-lamarche-09-11","status":"publish","type":"post","link":"https:\/\/smartbe.be\/fr\/news\/pour-sarmer-contre-le-neoliberalisme-et-les-populismes-debat-avec-carmelo-virone-et-thomas-lamarche-09-11\/","title":{"rendered":"Vid\u00e9o &#8211; Pour s\u2019armer contre le n\u00e9olib\u00e9ralisme et les populismes: dialogue de Carmelo Virone et Thomas Lamarche"},"content":{"rendered":"<p><strong>Dans le cadre du cycle de conf\u00e9rences \u00ab\u00a0La coop\u00e9ration, \u00e7a se cultive\u00a0\u00bb co-organis\u00e9 par SAW-B et Smart (APMC).<\/strong><\/p>\n<p><strong>Le mardi 9 novembre 2021, invitant pour cette occasion Thomas Lamarche (professeur d\u2019\u00e9conomie Universit\u00e9 de Paris Diderot Sorbonne Paris Cit\u00e9 et membre fondateur de la Manufacture coop\u00e9rative Manucoop) pour un dialogue ouvert, Carmelo Virone pr\u00e9sentait son essai <a href=\"https:\/\/smartbe.be\/fr\/comprendre\/publications\/education-permanente\/karl-polanyi-et-michel-foucault-deux-voix-pour-contrer-le-neoliberalisme\/\">Karl Polanyi et Michel Foucault : deux pens\u00e9es pour s\u2019armer contre le n\u00e9olib\u00e9ralisme<\/a> (Ed. Smart, 2020). La rencontre se d\u00e9roulait dans les bureaux de Smart \u00e0 Saint-Gilles, \u00e0 revoir int\u00e9gralement en vid\u00e9o.<br \/>\n<\/strong><\/p>\n<p>Polanyi et Foucault rayonnent dans des sph\u00e8res assez diff\u00e9rentes. Le premier est un \u00e9conomiste austro-hongrois. La grande transformation, livre qu\u2019il a publi\u00e9 en 1944, est devenu une r\u00e9f\u00e9rence majeure de l\u2019\u00e9conomie sociale. Le second, philosophe, historien des syst\u00e8mes de pens\u00e9e, est connu mondialement pour ses analyses des institutions sociales (psychiatrie, syst\u00e8me carc\u00e9ral, sexualit\u00e9\u2026) et ses th\u00e9ories g\u00e9n\u00e9rales sur les pouvoirs dans leurs rapports \u00e0 la connaissance. Les analyses de Polanyi sur le lib\u00e9ralisme et celles de Foucault sur le n\u00e9olib\u00e9ralisme s\u2019av\u00e8rent tr\u00e8s compl\u00e9mentaires et nous aident \u00e0 y voir plus clair sur le cadre actuel de nos vies.<br \/>\nLa pens\u00e9e de Polanyi s\u2019est d\u00e9velopp\u00e9e \u00e0 l\u2019ombre du fascisme et du nazisme qui avaient gagn\u00e9 l\u2019Europe apr\u00e8s la Guerre 14-18.<\/p>\n<p>En \u00e9cho, Thomas Lamarche \u00e9voque les dynamiques d&rsquo;\u00e9conomie sociale comme autant de d\u00e9marches critiques concr\u00e8tes, et leur r\u00f4le face aux populismes qui prolif\u00e8rent aujourd\u2019hui dans le monde n\u00e9olib\u00e9ral.<\/p>\n<p><img decoding=\"async\" src=\"https:\/\/smartbe.be\/wp-content\/uploads\/2021\/01\/fleche-arrow-long.png\" \/><strong><a href=\"https:\/\/www.youtube.com\/watch?v=7bVSM3Nj7fc\">Voir l&rsquo;enregistrement vid\u00e9o complet de la rencontre<\/a><\/strong><\/p>\n<p><strong><a href=\"https:\/\/docs.google.com\/forms\/d\/e\/1FAIpQLSdwMhfogOZT6fD3JkN3G0Yeo8_3OZrLB-u1ziKYFSgLTDURCQ\/viewform\"><img decoding=\"async\" src=\"https:\/\/smartbe.be\/wp-content\/uploads\/2021\/01\/fleche-arrow-long.png\" \/><\/a><a href=\"https:\/\/youtube.com\/playlist?list=PL0ui8MceUYB_BvQO-Hmn_sEKC3loj_5Hk\">Voir les pr\u00e9c\u00e9dentes rencontres du cycle \u201cLa coop\u00e9ration, \u00e7a se cultive\u201d<\/a><\/strong><\/p>","protected":false},"excerpt":{"rendered":"<p>Dans le cadre du cycle de conf\u00e9rences \u00ab\u00a0La coop\u00e9ration, \u00e7a se cultive\u00a0\u00bb co-organis\u00e9 par SAW-B et Smart (APMC). Le mardi 9 novembre 2021, invitant pour cette occasion Thomas Lamarche (professeur d\u2019\u00e9conomie Universit\u00e9 de Paris Diderot Sorbonne Paris Cit\u00e9 et membre &hellip;<\/p>\n","protected":false},"author":54,"featured_media":35561,"comment_status":"closed","ping_status":"closed","sticky":false,"template":"","format":"standard","meta":{"footnotes":""},"categories":[25,24],"tags":[],"class_list":["post-35534","post","type-post","status-publish","format-standard","has-post-thumbnail","hentry","category-debats","category-evenements"],"aioseo_notices":[],"_links":{"self":[{"href":"https:\/\/smartbe.be\/fr\/wp-json\/wp\/v2\/posts\/35534","targetHints":{"allow":["GET"]}}],"collection":[{"href":"https:\/\/smartbe.be\/fr\/wp-json\/wp\/v2\/posts"}],"about":[{"href":"https:\/\/smartbe.be\/fr\/wp-json\/wp\/v2\/types\/post"}],"author":[{"embeddable":true,"href":"https:\/\/smartbe.be\/fr\/wp-json\/wp\/v2\/users\/54"}],"replies":[{"embeddable":true,"href":"https:\/\/smartbe.be\/fr\/wp-json\/wp\/v2\/comments?post=35534"}],"version-history":[{"count":15,"href":"https:\/\/smartbe.be\/fr\/wp-json\/wp\/v2\/posts\/35534\/revisions"}],"predecessor-version":[{"id":35787,"href":"https:\/\/smartbe.be\/fr\/wp-json\/wp\/v2\/posts\/35534\/revisions\/35787"}],"wp:featuredmedia":[{"embeddable":true,"href":"https:\/\/smartbe.be\/fr\/wp-json\/wp\/v2\/media\/35561"}],"wp:attachment":[{"href":"https:\/\/smartbe.be\/fr\/wp-json\/wp\/v2\/media?parent=35534"}],"wp:term":[{"taxonomy":"category","embeddable":true,"href":"https:\/\/smartbe.be\/fr\/wp-json\/wp\/v2\/categories?post=35534"},{"taxonomy":"post_tag","embeddable":true,"href":"https:\/\/smartbe.be\/fr\/wp-json\/wp\/v2\/tags?post=35534"}],"curies":[{"name":"wp","href":"https:\/\/api.w.org\/{rel}","templated":true}]}}