
{"id":35527,"date":"2021-10-07T08:48:39","date_gmt":"2021-10-07T07:48:39","guid":{"rendered":"https:\/\/smartbe.be\/?p=35527"},"modified":"2021-10-13T08:57:40","modified_gmt":"2021-10-13T07:57:40","slug":"pas-de-loi-uber-en-europe-debat-avec-anne-dufresne-et-cedric-leterme-19-10","status":"publish","type":"post","link":"https:\/\/smartbe.be\/fr\/news\/pas-de-loi-uber-en-europe-debat-avec-anne-dufresne-et-cedric-leterme-19-10\/","title":{"rendered":"Pas de loi Uber en Europe! D\u00e9bat avec Anne Dufresne et C\u00e9dric Leterme (19.10)"},"content":{"rendered":"<p>Dans le cadre du cycle de conf\u00e9rences \u201cLa coop\u00e9ration, \u00e7a se cultive\u201d, co-organis\u00e9e par SAW-B et Smart\/APMC.<\/p>\n<p><a href=\"https:\/\/eur03.safelinks.protection.outlook.com\/?url=https%3A%2F%2Fsmartbe.be%2Ffr%2Fcomprendre%2Fpublications%2Feducation-permanente%2Fpas-de-loi-uber-en-europe-alerte-au-cheval-de-troie-des-sous-statuts-de-travailleurs-de-plateformes%2F&amp;data=04%7C01%7Cvic%40smart.coop%7Cb4c53178d4f449c449a508d987f4fe61%7C4cd84c4c6921488dabd0c4fa75e5d039%7C0%7C0%7C637690309335796802%7CUnknown%7CTWFpbGZsb3d8eyJWIjoiMC4wLjAwMDAiLCJQIjoiV2luMzIiLCJBTiI6Ik1haWwiLCJXVCI6Mn0%3D%7C3000&amp;sdata=yNCyWnNWusbxdC91FM1oeFv9ojDEGZwrdagNTLMDwS8%3D&amp;reserved=0\">Pas de loi Uber en Europe ! Alerte au cheval de Troie des sous-statuts de travailleurs de plateformes.<\/a> Dans cette analyse publi\u00e9e par Smart, Anne Dufresne nous met en garde contre une directive europ\u00e9enne en pr\u00e9paration sur le droit sp\u00e9cifique des travailleurs.euses de plateforme. <strong>Le mardi 19 octobre \u00e0 18 heures,<\/strong> dans les bureaux de Smart \u00e0 Saint-Gilles, elle pr\u00e9sentera le d\u00e9bat qu\u2019elle suscite, et en particulier la bataille sur les statuts d\u2019emploi : salari\u00e9s ? tiers-statuts \u00e0 l\u2019europ\u00e9enne ? ind\u00e9pendants \u00e0 l\u2019am\u00e9ricaine ? Son coll\u00e8gue au GRESEA C\u00e9dric Leterme \u00e9voquera, quant \u00e0 lui, l\u2019emprise de plus en plus grande qu\u2019exercent les plateformes sur l\u2019\u00e9conomie. Ensemble, ils pr\u00e9senteront les strat\u00e9gies utilis\u00e9es par les collectifs de travailleurs de plateforme et par les syndicats au niveau local, national et international, et montreront comment les travailleurs des applis et leurs repr\u00e9sentants construisent de nouvelles formes de contestation pour la d\u00e9fense des droits sociaux et pour la cr\u00e9ation de nouveaux droits li\u00e9s \u00e0 l\u2019\u00e9conomie num\u00e9rique. \u00c0 leur suite, Sarah de Heusch rappellera le travail et les positions de Smart sur la question.<\/p>\n<p>Anne Dufresne et C\u00e9dric Leterme, chercheurs au GRESEA (groupe de recherche pour une strat\u00e9gie \u00e9conomique alternative) ont publi\u00e9 un rapport formidablement document\u00e9 sur les <a href=\"https:\/\/eur03.safelinks.protection.outlook.com\/?url=https%3A%2F%2Fgresea.be%2FIMG%2Fpdf%2Fetude_gue_fr_version_finale_finale.pdf&amp;data=04%7C01%7Cvic%40smart.coop%7Cb4c53178d4f449c449a508d987f4fe61%7C4cd84c4c6921488dabd0c4fa75e5d039%7C0%7C0%7C637690309335796802%7CUnknown%7CTWFpbGZsb3d8eyJWIjoiMC4wLjAwMDAiLCJQIjoiV2luMzIiLCJBTiI6Ik1haWwiLCJXVCI6Mn0%3D%7C3000&amp;sdata=haA3aN4wFEwKyhhauhlZlaupWhlaJIASBNoTWj0Vj7c%3D&amp;reserved=0\">\u00ab\u00a0Travailleurs de plateforme. La lutte pour les droits dans l\u2019\u00e9conomie num\u00e9rique\u00a0\u00bb<\/a>, disponible aussi <a href=\"https:\/\/eur03.safelinks.protection.outlook.com\/?url=https%3A%2F%2Fgresea.be%2FIMG%2Fpdf%2Fstudy_empl_version_finale_en.pdf&amp;data=04%7C01%7Cvic%40smart.coop%7Cb4c53178d4f449c449a508d987f4fe61%7C4cd84c4c6921488dabd0c4fa75e5d039%7C0%7C0%7C637690309335806756%7CUnknown%7CTWFpbGZsb3d8eyJWIjoiMC4wLjAwMDAiLCJQIjoiV2luMzIiLCJBTiI6Ik1haWwiLCJXVCI6Mn0%3D%7C3000&amp;sdata=DskgfOBlFX0eWAb%2B3Y3qwM8FgMVQNJY2i2naud9759c%3D&amp;reserved=0\">en anglais<\/a>.<\/p>\n<p><strong><a href=\"https:\/\/docs.google.com\/forms\/d\/e\/1FAIpQLSdwMhfogOZT6fD3JkN3G0Yeo8_3OZrLB-u1ziKYFSgLTDURCQ\/viewform\"><img decoding=\"async\" src=\"https:\/\/smartbe.be\/wp-content\/uploads\/2021\/01\/fleche-arrow-long.png\" \/><\/a><a href=\"https:\/\/docs.google.com\/forms\/d\/1yOjHcw3nRP9TWuvDenpWtPtH6GKv7r7-tvnoTWXyuzk\/edit\">S\u2019inscrire \u00e0 la rencontre<\/a><\/strong><\/p>\n<p><strong><a href=\"https:\/\/docs.google.com\/forms\/d\/e\/1FAIpQLSdwMhfogOZT6fD3JkN3G0Yeo8_3OZrLB-u1ziKYFSgLTDURCQ\/viewform\"><img decoding=\"async\" src=\"https:\/\/smartbe.be\/wp-content\/uploads\/2021\/01\/fleche-arrow-long.png\" \/><\/a>Sur le m\u00eame sujet: <\/strong><a href=\"https:\/\/smartbe.be\/fr\/news\/projection-documentaire-et-debat-shift-coop-parcours-dex-coursiers-14-10\/\">Projection documentaire et d\u00e9bat : SHIFT &amp; Coop. Parcours d\u2019ex-coursiers (14 octobre, 18h)<\/a><\/p>\n<p><strong><a href=\"https:\/\/docs.google.com\/forms\/d\/e\/1FAIpQLSdwMhfogOZT6fD3JkN3G0Yeo8_3OZrLB-u1ziKYFSgLTDURCQ\/viewform\"><img decoding=\"async\" src=\"https:\/\/smartbe.be\/wp-content\/uploads\/2021\/01\/fleche-arrow-long.png\" \/><\/a><a href=\"https:\/\/youtube.com\/playlist?list=PL0ui8MceUYB_BvQO-Hmn_sEKC3loj_5Hk\">Voir les pr\u00e9c\u00e9dentes rencontres du cycle \u201cLa coop\u00e9ration, \u00e7a se cultive\u201d<\/a><\/strong><\/p>","protected":false},"excerpt":{"rendered":"<p>Dans le cadre du cycle de conf\u00e9rences \u201cLa coop\u00e9ration, \u00e7a se cultive\u201d, co-organis\u00e9e par SAW-B et Smart\/APMC. Pas de loi Uber en Europe ! Alerte au cheval de Troie des sous-statuts de travailleurs de plateformes. Dans cette analyse publi\u00e9e par &hellip;<\/p>\n","protected":false},"author":54,"featured_media":35548,"comment_status":"closed","ping_status":"closed","sticky":false,"template":"","format":"standard","meta":{"footnotes":""},"categories":[25,24],"tags":[],"class_list":["post-35527","post","type-post","status-publish","format-standard","has-post-thumbnail","hentry","category-debats","category-evenements"],"aioseo_notices":[],"_links":{"self":[{"href":"https:\/\/smartbe.be\/fr\/wp-json\/wp\/v2\/posts\/35527","targetHints":{"allow":["GET"]}}],"collection":[{"href":"https:\/\/smartbe.be\/fr\/wp-json\/wp\/v2\/posts"}],"about":[{"href":"https:\/\/smartbe.be\/fr\/wp-json\/wp\/v2\/types\/post"}],"author":[{"embeddable":true,"href":"https:\/\/smartbe.be\/fr\/wp-json\/wp\/v2\/users\/54"}],"replies":[{"embeddable":true,"href":"https:\/\/smartbe.be\/fr\/wp-json\/wp\/v2\/comments?post=35527"}],"version-history":[{"count":6,"href":"https:\/\/smartbe.be\/fr\/wp-json\/wp\/v2\/posts\/35527\/revisions"}],"predecessor-version":[{"id":35629,"href":"https:\/\/smartbe.be\/fr\/wp-json\/wp\/v2\/posts\/35527\/revisions\/35629"}],"wp:featuredmedia":[{"embeddable":true,"href":"https:\/\/smartbe.be\/fr\/wp-json\/wp\/v2\/media\/35548"}],"wp:attachment":[{"href":"https:\/\/smartbe.be\/fr\/wp-json\/wp\/v2\/media?parent=35527"}],"wp:term":[{"taxonomy":"category","embeddable":true,"href":"https:\/\/smartbe.be\/fr\/wp-json\/wp\/v2\/categories?post=35527"},{"taxonomy":"post_tag","embeddable":true,"href":"https:\/\/smartbe.be\/fr\/wp-json\/wp\/v2\/tags?post=35527"}],"curies":[{"name":"wp","href":"https:\/\/api.w.org\/{rel}","templated":true}]}}