
{"id":34949,"date":"2021-06-17T12:42:45","date_gmt":"2021-06-17T11:42:45","guid":{"rendered":"https:\/\/smartbe.be\/?p=34949"},"modified":"2021-10-08T10:47:38","modified_gmt":"2021-10-08T09:47:38","slug":"conference-live-la-cooperation-ca-se-cultive-3-effondrement-et-transition","status":"publish","type":"post","link":"https:\/\/smartbe.be\/fr\/news\/conference-live-la-cooperation-ca-se-cultive-3-effondrement-et-transition\/","title":{"rendered":"Conf\u00e9rence vid\u00e9o replay : \u00ab\u00a0Effondrement et transition\u00a0\u00bb &#8211; La coop\u00e9ration, \u00e7a se cultive ! #3"},"content":{"rendered":"<p>Depuis le d\u00e9but de cette ann\u00e9e 2021, Smart APMC et SAW-B organisent un cycle de conf\u00e9rences-rencontres appel\u00e9 \u00ab\u00a0La coop\u00e9ration, \u00e7a se cultive !\u00a0\u00bb. Ces rendez-vous (en direct sur youtube ou Fb) sont destin\u00e9s \u00e0 favoriser une r\u00e9flexion collective sur des sujets de soci\u00e9t\u00e9 \u00e0 partir des analyses d\u00e9velopp\u00e9es dans leurs publications respectives ou en dialogue avec des autrices et auteurs de divers horizons.<\/p>\n<p><strong>Revoir la rencontre 1 :<\/strong> <a href=\"https:\/\/www.youtube.com\/watch?v=5tZHEUweLXY\">https:\/\/www.youtube.com\/watch?v=5tZHEUweLXY<\/a><br \/>\n\u00ab\u00a0La vie contre les profits\u00a0\u00bb. <span class=\"style-scope yt-formatted-string\" dir=\"auto\">Carmelo Virone (Smart) et Marian de Foy (SAW B) autour de la question de la reproduction sociale.<br \/>\nAvril 2021.<br \/>\n<\/span><\/p>\n<p><strong>Revoir la rencontre 2 :<\/strong> <a href=\"https:\/\/www.youtube.com\/watch?v=2n3q6JxVA0k\">https:\/\/www.youtube.com\/watch?v=2n3q6JxVA0k<\/a><br \/>\n<span class=\"style-scope yt-formatted-string\" dir=\"auto\">\u00ab\u00a0Le business social, ou comment le social est devenu un march\u00e9\u00a0\u00bb<\/span>. Avec Jean-Fran\u00e7ois Draperi,<span class=\"style-scope yt-formatted-string\" dir=\"auto\"> directeur du Centre d\u2019\u00e9conomie sociale Travail et soci\u00e9t\u00e9 (CESTES) au CNAM, r\u00e9dacteur en chef de la Revue internationale de l\u2019\u00e9conomie sociale (Recma), et Ma\u00eetre de conf\u00e9rences en sociologie au Conservatoire national des arts et m\u00e9tiers.<br \/>\nMai 2021.<br \/>\n<\/span><\/p>\n<h3><strong>Revoir la rencontre n\u00b03, du 1er juillet 2021 :<\/strong><br \/>\n<a href=\"https:\/\/www.youtube.com\/watch?v=8evdRQX48WY\">https:\/\/www.youtube.com\/watch?v=8evdRQX48WY<\/a><\/h3>\n<div class=\"video-container\"><iframe loading=\"lazy\" title=\"La coop\u00e9ration \u00e7a se cultive #3 : &quot;Transition et effondrement&quot;\" width=\"584\" height=\"329\" src=\"https:\/\/www.youtube.com\/embed\/8evdRQX48WY?feature=oembed\" frameborder=\"0\" allow=\"accelerometer; autoplay; clipboard-write; encrypted-media; gyroscope; picture-in-picture; web-share\" referrerpolicy=\"strict-origin-when-cross-origin\" allowfullscreen><\/iframe><\/div>\n<p>&nbsp;<\/p>\n<p><strong>Cette troisi\u00e8me rencontre \u00e9tait consacr\u00e9e au th\u00e8me \u00ab\u00a0Effondrement et transition, pourquoi un tel \u00e9cho dans le d\u00e9bat public ?\u00a0\u00bb<\/strong>, et invitait autour de la table Emeline De Bouver, Daniel Tanuro, et Edwin Zaccai interview\u00e9s par Marian de Foy de SAW-B et Carmelo Virone de Smart.<\/p>\n<p>Pourquoi entend-on tant parler d&rsquo;imminence d&rsquo;un effondrement g\u00e9n\u00e9ralis\u00e9, de d\u00e9crochage de l&rsquo;humanit\u00e9, de spirale boursi\u00e8re infernale, de perte de toutes valeurs, de collapsologie, et de fin du monde ? Et pourquoi beaucoup plus dans tels groupes humains que dans d&rsquo;autres ? Quels autres th\u00e8mes sont r\u00e9duits au silence par ces frayeurs entretenues ? Discutons avec une ma\u00eetre de conf\u00e9rence \u00e0 l&rsquo;UCL, un professeur d&rsquo;universit\u00e9 \u00e0 l&rsquo;ULB, et un auteur, trois sociologues et environnementalistes.<br \/>\nLa diffusion se faisait en direct le 1er juillet 2021.<\/p>\n<p>&nbsp;<\/p>\n<p><strong>Intervenant\u00b7es et programme :<br \/>\n<\/strong><\/p>\n<ul>\n<li>accueil.<\/li>\n<li>introduction du cycle<\/li>\n<li>l\u2019histoire des concepts d\u2019effondrement et de transition et de leurs traductions concr\u00e8tes<\/li>\n<li>quelles sont les limites de ces concepts\u00a0 ?<\/li>\n<li>discussion et rencontre avec les intervenant\u00b7es :\n<ul>\n<li><strong>Emeline De Bouver<\/strong> \u2013 conf\u00e9renci\u00e8re, autrice, Ma\u00eetre de conf\u00e9rence invit\u00e9e \u00e0 l\u2019Universit\u00e9 Catholique de Louvain UCL en Sociologie de la consommation, charg\u00e9e de publications, formations et recherche \u00e0 Ecotopie-laboratoire d\u2019\u00e9cop\u00e9dagogie, une association d\u2019\u00e9ducation relative \u00e0 l\u2019environnement.<\/li>\n<li><strong>Daniel Tanuro<\/strong> \u2013 agronome, militant \u00e9cosocialiste, auteur de \u00ab Trop tard pour \u00eatre pessimistes ! \u00c9cosocialisme ou effondrement \u00bb son plus r\u00e9cent ouvrage.<\/li>\n<li><strong>Edwin Zaccai<\/strong> \u2013 professeur \u00e9m\u00e9rite \u00e0 l\u2019Universit\u00e9 Libre de Bruxelles ULB, fondateur du centre d\u2019\u00c9tudes du D\u00e9veloppement Durable (CEDD) et membre de l\u2019Institut de Gestion de l\u2019Environnement et d\u2019Am\u00e9nagement du Territoire (IGEAT) et du D\u00e9partement G\u00e9osciences, Environnement et Soci\u00e9t\u00e9 (DGES).<\/li>\n<\/ul>\n<\/li>\n<li>questions du public<\/li>\n<li>conclusion<\/li>\n<\/ul>\n<p><strong>Coproduit par <a href=\"https:\/\/saw-b.be\/\">SAW-B<\/a> et Smart APMC &#8211; Association Professionnelle des M\u00e9tiers de la Cr\u00e9ation.<\/strong><\/p>\n<p>&nbsp;<\/p>","protected":false},"excerpt":{"rendered":"<p>Depuis le d\u00e9but de cette ann\u00e9e 2021, Smart APMC et SAW-B organisent un cycle de conf\u00e9rences-rencontres appel\u00e9 \u00ab\u00a0La coop\u00e9ration, \u00e7a se cultive !\u00a0\u00bb. Ces rendez-vous (en direct sur youtube ou Fb) sont destin\u00e9s \u00e0 favoriser une r\u00e9flexion collective sur des &hellip;<\/p>\n","protected":false},"author":13,"featured_media":34950,"comment_status":"closed","ping_status":"closed","sticky":false,"template":"","format":"standard","meta":{"footnotes":""},"categories":[25,24],"tags":[],"class_list":["post-34949","post","type-post","status-publish","format-standard","has-post-thumbnail","hentry","category-debats","category-evenements"],"aioseo_notices":[],"_links":{"self":[{"href":"https:\/\/smartbe.be\/fr\/wp-json\/wp\/v2\/posts\/34949","targetHints":{"allow":["GET"]}}],"collection":[{"href":"https:\/\/smartbe.be\/fr\/wp-json\/wp\/v2\/posts"}],"about":[{"href":"https:\/\/smartbe.be\/fr\/wp-json\/wp\/v2\/types\/post"}],"author":[{"embeddable":true,"href":"https:\/\/smartbe.be\/fr\/wp-json\/wp\/v2\/users\/13"}],"replies":[{"embeddable":true,"href":"https:\/\/smartbe.be\/fr\/wp-json\/wp\/v2\/comments?post=34949"}],"version-history":[{"count":11,"href":"https:\/\/smartbe.be\/fr\/wp-json\/wp\/v2\/posts\/34949\/revisions"}],"predecessor-version":[{"id":35133,"href":"https:\/\/smartbe.be\/fr\/wp-json\/wp\/v2\/posts\/34949\/revisions\/35133"}],"wp:featuredmedia":[{"embeddable":true,"href":"https:\/\/smartbe.be\/fr\/wp-json\/wp\/v2\/media\/34950"}],"wp:attachment":[{"href":"https:\/\/smartbe.be\/fr\/wp-json\/wp\/v2\/media?parent=34949"}],"wp:term":[{"taxonomy":"category","embeddable":true,"href":"https:\/\/smartbe.be\/fr\/wp-json\/wp\/v2\/categories?post=34949"},{"taxonomy":"post_tag","embeddable":true,"href":"https:\/\/smartbe.be\/fr\/wp-json\/wp\/v2\/tags?post=34949"}],"curies":[{"name":"wp","href":"https:\/\/api.w.org\/{rel}","templated":true}]}}