
{"id":34609,"date":"2021-06-23T17:30:19","date_gmt":"2021-06-23T16:30:19","guid":{"rendered":"https:\/\/smartbe.be\/?p=34609"},"modified":"2021-10-08T10:47:13","modified_gmt":"2021-10-08T09:47:13","slug":"revoir-lassemblee-generale-2021","status":"publish","type":"post","link":"https:\/\/smartbe.be\/fr\/news\/revoir-lassemblee-generale-2021\/","title":{"rendered":"Revoir l&rsquo;Assembl\u00e9e g\u00e9n\u00e9rale 2021 : vid\u00e9os 21-22\/06 et programme"},"content":{"rendered":"<p>C&rsquo;est connu : \u00ab\u00a0C&rsquo;est la fin du mois de juin ? C&rsquo;est l&rsquo;A.G. qui revient !\u00a0\u00bb Et cette ann\u00e9e 2021 c&rsquo;\u00e9tait \u00e0 distance en visio, ou en pr\u00e9sence avec une \u00e9quipe dans douze villes de France et de Belgique.<br \/>\n(Marseille, Clermont-Ferrand, Nantes, Rennes, Paris, Montpellier, Lille&#8230; Charleroi, Mons, Li\u00e8ge, Louvain-la-Neuve, Bruxelles)<\/p>\n<p>L&rsquo;Assembl\u00e9e g\u00e9n\u00e9rale a \u00e9t\u00e9 multi-diffus\u00e9e sur trois r\u00e9seaux (Linkedin, Youtube, Facebook) et en trois langues, d\u00e8s 15h30 les 21 et 22 juin.<\/p>\n<h3><strong>Revoir les deux parties de l&rsquo;Assembl\u00e9e g\u00e9n\u00e9rale, \u00e0 Lille et \u00e0 Bruxelles<\/strong><\/h3>\n<h3>21 juin au Bazaar Saint So \u00e0 Lille<\/h3>\n<div class=\"video-container\"><iframe loading=\"lazy\" title=\"Let&#039;s coop - Assembl\u00e9e g\u00e9n\u00e9rale 2021 France - 21\/06\" width=\"584\" height=\"329\" src=\"https:\/\/www.youtube.com\/embed\/UTDnkEw8Beo?feature=oembed\" frameborder=\"0\" allow=\"accelerometer; autoplay; clipboard-write; encrypted-media; gyroscope; picture-in-picture; web-share\" referrerpolicy=\"strict-origin-when-cross-origin\" allowfullscreen><\/iframe><\/div>\n<p>&nbsp;<\/p>\n<h3>22 juin dans l&rsquo;espace Kop de Smart \u00e0 Bruxelles<\/h3>\n<div class=\"video-container\"><iframe loading=\"lazy\" title=\"Let&#039;s coop - Assembl\u00e9e g\u00e9n\u00e9rale 2021 - 22\/06\" width=\"584\" height=\"329\" src=\"https:\/\/www.youtube.com\/embed\/KE8t9Arv_rk?feature=oembed\" frameborder=\"0\" allow=\"accelerometer; autoplay; clipboard-write; encrypted-media; gyroscope; picture-in-picture; web-share\" referrerpolicy=\"strict-origin-when-cross-origin\" allowfullscreen><\/iframe><\/div>\n<p>&nbsp;<\/p>\n<p>Pr\u00e9sentation de l&rsquo;Assembl\u00e9e g\u00e9n\u00e9rale : Emily Lecourtois, Yvon Jadoul, Thomas Blondeel.<br \/>\nMise en images et Social TV par &lsquo;La R\u00e9gie TV&rsquo;.<\/p>\n<p>&nbsp;<\/p>\n<h3>L&rsquo;Assembl\u00e9e g\u00e9n\u00e9rale ?<\/h3>\n<p>Chaque ann\u00e9e on y vient <strong>pour d\u00e9couvrir Smart<\/strong>, pour jeter un oeil et trouver des regards, pour poser ses questions et entendre celles des autres, ou <strong>pour renforcer son lien<\/strong> &#8211; nouveau ou ancien &#8211; avec la coop\u00e9rative&#8230;<br \/>\nOn la suit pour comprendre les nouvelles possibilit\u00e9s qui vous attendent dans le monde du travail, les nouveaux mod\u00e8les qui existent <strong>pour d\u00e9velopper votre projet d&rsquo;entreprise<\/strong>, ou aussi pour orienter les grands axes strat\u00e9giques de l&rsquo;entreprise partag\u00e9e&#8230;<\/p>\n<p>Donc chaque ann\u00e9e elle revient aux premiers jours de l&rsquo;\u00e9t\u00e9, l&rsquo;<a href=\"https:\/\/smartbe.be\/fr\/programme-ags-2021\/\">Assembl\u00e9e g\u00e9n\u00e9rale de la coop\u00e9rative Smart<\/a>. C&rsquo;est g\u00e9n\u00e9ralement l&rsquo;occasion de se retrouver \u00e0 Lille et Bruxelles pour d\u00e9battre, \u00e9changer des infos, partager vos avis, et pour voter \u00e9videmment pour des questions de strat\u00e9gie&#8230; mais aussi pour partager un repas, un verre, un peu de musique, et beaucoup de sourires. Le charme d&rsquo;un moment de f\u00eate. L&rsquo;actualit\u00e9 de 2020 a chang\u00e9 quelques petites choses \u00e0 notre tableau color\u00e9 annuel.<\/p>\n<p>Il a fallu ensemble r\u00e9inventer l&rsquo;an pass\u00e9 les moyens de vous consulter et de faire progresser l&rsquo;entreprise partag\u00e9e&#8230; \u00e0 distance mais sans perdre le fil.<\/p>\n<p>Mais cette ann\u00e9e c&rsquo;\u00e9tait aussi l&rsquo;\u00e9lection d&rsquo;un nouveau Conseil d&rsquo;administration pour la Belgique qui s&rsquo;ajoutait \u00e0 l&rsquo;\u00e9v\u00e9nement, double enjeu pour 2021. Que mettions-nous en place ? De l&rsquo;\u00e9quilibre, de la pr\u00e9sence, de la distance aussi, et surtout du choix : le v\u00f4tre.<\/p>\n<p><a href=\"https:\/\/smartbe.be\/wp-content\/uploads\/2021\/05\/AG_2021_Joelle.png\"><img loading=\"lazy\" decoding=\"async\" class=\"alignnone size-large wp-image-34599\" src=\"https:\/\/smartbe.be\/wp-content\/uploads\/2021\/05\/AG_2021_Joelle-1024x273.png\" alt=\"\" width=\"584\" height=\"156\" srcset=\"https:\/\/smartbe.be\/wp-content\/uploads\/2021\/05\/AG_2021_Joelle-1024x273.png 1024w, https:\/\/smartbe.be\/wp-content\/uploads\/2021\/05\/AG_2021_Joelle-300x80.png 300w, https:\/\/smartbe.be\/wp-content\/uploads\/2021\/05\/AG_2021_Joelle-768x205.png 768w, https:\/\/smartbe.be\/wp-content\/uploads\/2021\/05\/AG_2021_Joelle-500x133.png 500w, https:\/\/smartbe.be\/wp-content\/uploads\/2021\/05\/AG_2021_Joelle-290x77.png 290w, https:\/\/smartbe.be\/wp-content\/uploads\/2021\/05\/AG_2021_Joelle.png 1500w\" sizes=\"auto, (max-width: 584px) 100vw, 584px\" \/><\/a><\/p>\n<p>Certains bureaux (sept en France, cinq en Belgique) proposaient \u00e0 leurs membres de rejoindre des \u00e9v\u00e9nements locaux pour un moment convivial ou pour toute la journ\u00e9e, pour regarder ensemble la diffusion en direct de l\u2019assembl\u00e9e g\u00e9n\u00e9rale, ou pour un atelier&#8230; Un petit groupe (et le respect de quelques prudences simples) r\u00e9uni pour l&rsquo;A.G., c&rsquo;\u00e9tait enfin de nouveau possible !<\/p>\n<p>Mais vous pr\u00e9f\u00e9riez rester chez vous ? Pour \u00e9viter le d\u00e9placement ou par pr\u00e9caution, c&rsquo;\u00e9tait pr\u00e9vu et facile, tant pour participer et suivre les d\u00e9bats que pour voter et aider la coop\u00e9rative \u00e0 avancer. Vos \u00e9quipes vous avaient pr\u00e9par\u00e9 <a href=\"https:\/\/smartbe.be\/fr\/programme-ags-2021\/\">un riche programme<\/a> en visio, souvent accessible par Jitsi qui ne n\u00e9cessite aucune inscription.<\/p>\n<p>&nbsp;<\/p>\n<p><strong><a href=\"https:\/\/smartbe.be\/fr\/programme-ags-2021\/\">En pr\u00e9sence, ou \u00e0 distance<br \/>\nle programme complet des 21 et 22 juin 2021<\/a><\/strong><\/p>\n<p><strong><a href=\"https:\/\/smartbe.be\/fr\/assemblee-generale-2021\/\">En savoir toujours plus sur l&rsquo;Assembl\u00e9e g\u00e9n\u00e9rale<\/a><\/strong><\/p>","protected":false},"excerpt":{"rendered":"<p>C&rsquo;est connu : \u00ab\u00a0C&rsquo;est la fin du mois de juin ? C&rsquo;est l&rsquo;A.G. qui revient !\u00a0\u00bb Et cette ann\u00e9e 2021 c&rsquo;\u00e9tait \u00e0 distance en visio, ou en pr\u00e9sence avec une \u00e9quipe dans douze villes de France et de Belgique. (Marseille, &hellip;<\/p>\n","protected":false},"author":13,"featured_media":0,"comment_status":"closed","ping_status":"closed","sticky":false,"template":"","format":"standard","meta":{"footnotes":""},"categories":[24],"tags":[],"class_list":["post-34609","post","type-post","status-publish","format-standard","hentry","category-evenements"],"aioseo_notices":[],"_links":{"self":[{"href":"https:\/\/smartbe.be\/fr\/wp-json\/wp\/v2\/posts\/34609","targetHints":{"allow":["GET"]}}],"collection":[{"href":"https:\/\/smartbe.be\/fr\/wp-json\/wp\/v2\/posts"}],"about":[{"href":"https:\/\/smartbe.be\/fr\/wp-json\/wp\/v2\/types\/post"}],"author":[{"embeddable":true,"href":"https:\/\/smartbe.be\/fr\/wp-json\/wp\/v2\/users\/13"}],"replies":[{"embeddable":true,"href":"https:\/\/smartbe.be\/fr\/wp-json\/wp\/v2\/comments?post=34609"}],"version-history":[{"count":6,"href":"https:\/\/smartbe.be\/fr\/wp-json\/wp\/v2\/posts\/34609\/revisions"}],"predecessor-version":[{"id":35009,"href":"https:\/\/smartbe.be\/fr\/wp-json\/wp\/v2\/posts\/34609\/revisions\/35009"}],"wp:attachment":[{"href":"https:\/\/smartbe.be\/fr\/wp-json\/wp\/v2\/media?parent=34609"}],"wp:term":[{"taxonomy":"category","embeddable":true,"href":"https:\/\/smartbe.be\/fr\/wp-json\/wp\/v2\/categories?post=34609"},{"taxonomy":"post_tag","embeddable":true,"href":"https:\/\/smartbe.be\/fr\/wp-json\/wp\/v2\/tags?post=34609"}],"curies":[{"name":"wp","href":"https:\/\/api.w.org\/{rel}","templated":true}]}}