
{"id":34086,"date":"2021-03-24T16:01:01","date_gmt":"2021-03-24T15:01:01","guid":{"rendered":"https:\/\/smartbe.be\/?p=34086"},"modified":"2021-07-05T17:03:33","modified_gmt":"2021-07-05T16:03:33","slug":"la-cooperation-ca-se-cultive-jean-francois-draperi-business-social","status":"publish","type":"post","link":"https:\/\/smartbe.be\/fr\/news\/la-cooperation-ca-se-cultive-jean-francois-draperi-business-social\/","title":{"rendered":"Revoir la conf\u00e9rence \u00ab\u00a0La coop\u00e9ration \u00e7a se cultive\u00a0\u00bb : Jean-Fran\u00e7ois Draperi sur le business social"},"content":{"rendered":"<div id=\"attachment_34093\" style=\"width: 788px\" class=\"wp-caption aligncenter\"><a href=\"https:\/\/smartbe.be\/wp-content\/uploads\/2021\/03\/sawb-smart-032021-business_social-panor.png\"><img loading=\"lazy\" decoding=\"async\" aria-describedby=\"caption-attachment-34093\" class=\" wp-image-34093\" src=\"https:\/\/smartbe.be\/wp-content\/uploads\/2021\/03\/sawb-smart-032021-business_social-panor.png\" alt=\"conf\u00e9rence sur le Business Social 01\/04\/2021\" width=\"778\" height=\"389\" srcset=\"https:\/\/smartbe.be\/wp-content\/uploads\/2021\/03\/sawb-smart-032021-business_social-panor.png 1024w, https:\/\/smartbe.be\/wp-content\/uploads\/2021\/03\/sawb-smart-032021-business_social-panor-300x150.png 300w, https:\/\/smartbe.be\/wp-content\/uploads\/2021\/03\/sawb-smart-032021-business_social-panor-768x384.png 768w, https:\/\/smartbe.be\/wp-content\/uploads\/2021\/03\/sawb-smart-032021-business_social-panor-500x250.png 500w, https:\/\/smartbe.be\/wp-content\/uploads\/2021\/03\/sawb-smart-032021-business_social-panor-290x145.png 290w\" sizes=\"auto, (max-width: 778px) 100vw, 778px\" \/><\/a><p id=\"caption-attachment-34093\" class=\"wp-caption-text\">avec Jean-Fran\u00e7ois Draperi, auteur de \u00ab\u00a0Ruses de riches\u00a0\u00bb.<\/p><\/div>\n<div class=\"video-container\"><iframe loading=\"lazy\" title=\"La coop\u00e9ration \u00e7a se cultive : Jean-Fran\u00e7ois Draperi sur le business social\" width=\"584\" height=\"329\" src=\"https:\/\/www.youtube.com\/embed\/2n3q6JxVA0k?feature=oembed\" frameborder=\"0\" allow=\"accelerometer; autoplay; clipboard-write; encrypted-media; gyroscope; picture-in-picture; web-share\" referrerpolicy=\"strict-origin-when-cross-origin\" allowfullscreen><\/iframe><\/div>\n<p>L&rsquo;\u00e9conomie sociale n&rsquo;est pas une plaisanterie, c&rsquo;est une urgence. Et comme nous avons nos priorit\u00e9s, le 1er avril 2021 nous avions choisi d&rsquo;inviter Jean-Fran\u00e7ois Draperi pour le cycle de conf\u00e9rences \u00ab\u00a0La coop\u00e9ration, \u00e7a se cultive\u00a0\u00bb organis\u00e9 par SAW-B et Smart coop\u00e9rative (APMC). Th\u00e8me de cette seconde \u00e9dition: le business social, ou comment le social est devenu un march\u00e9. Le \u00ab\u00a0Business social\u00a0\u00bb \u00e7a existe? Si c&rsquo;est une blague, elle a le go\u00fbt \u00e9trange du cynisme et de la pr\u00e9carit\u00e9. Nous en avons parl\u00e9 ensemble, pour chercher les r\u00e9ponses utiles.<\/p>\n<p><strong>Jean-Fran\u00e7ois Draperi<\/strong> est un des sp\u00e9cialistes les plus int\u00e9ressants \u00e0 suivre lorsqu&rsquo;on parle d&rsquo;\u00e9conomie sociale et des coop\u00e9ratives. Auteur d&rsquo;une grande s\u00e9rie d&rsquo;analyses et de livres consacr\u00e9s \u00e0 ce mod\u00e8le \u00e9conomique (et \u00e0 l&rsquo;urgence de l&rsquo;adopter), il a choisi d\u00e8s 1989 de diffuser ses recherches pour reconstruire un espoir de soci\u00e9t\u00e9 d\u00e9mocratique et apais\u00e9e. Jean-Fran\u00e7ois Draperi est aujourd&rsquo;hui directeur du Centre d&rsquo;\u00e9conomie sociale Travail et soci\u00e9t\u00e9 (CESTES) au CNAM, r\u00e9dacteur en chef de la Revue internationale de l&rsquo;\u00e9conomie sociale (Recma), et Ma\u00eetre de conf\u00e9rences en sociologie au Conservatoire national des arts et m\u00e9tiers.<\/p>\n<p>D\u00e9j\u00e0 auteur en 1989 dans la revue Recma de \u00ab\u00a0L&rsquo;innovation en \u00e9conomie sociale : observations et r\u00e9flexions sur un \u00e9chantillon de 89 entreprises\u00a0\u00bb, il n&rsquo;a cess\u00e9 depuis de documenter et d\u00e9fendre le principe de l&rsquo;\u00e9conomie sociale applicable \u00e0 l&rsquo;ensemble du syst\u00e8me \u00e9conomique. \u00ab\u00a0La R\u00e9publique coop\u00e9rative\u00a0\u00bb, \u00ab\u00a0Penser la participation\u00a0\u00bb, \u00ab\u00a0Comprendre l&rsquo;\u00e9conomie sociale\u00a0\u00bb, et plus de dix livres sur ces th\u00e8mes, dont le dernier sorti \u00e0 l&rsquo;automne 2020 \u00ab\u00a0<a href=\"https:\/\/www.payot-rivages.fr\/payot\/livre\/ruses-de-riches-9782228926959\">Ruses de riches<\/a>\u00a0\u00bb (ed. Payot) qui d\u00e9crypte et d\u00e9nonce les facettes les plus obscures et injustes du capitalisme: bienvenue dans le monde du business social.<\/p>\n<p><strong>Plusieurs interventions :<\/strong><\/p>\n<ul>\n<li>Introduction par St\u00e9phane Veyer (Smart) (10min)<\/li>\n<li>Pr\u00e9sentation du livre \u201cRuses de Riches\u201d par son auteur, Jean-Fran\u00e7ois Draperi (20min)<\/li>\n<li>Interview de Jean-Fran\u00e7ois Draperi par Joanne Clotuche (SAW-B) et St\u00e9phane Veyer (Smart) (30min)<\/li>\n<li>D\u00e9bat et session de questions-r\u00e9ponses avec le public (25min)<\/li>\n<li>Conclusion (5min)<\/li>\n<\/ul>\n<h3><strong>Voir la conf\u00e9rence <\/strong>(85mn)<strong> diffus\u00e9e sur youtube le 01\/04:<br \/>\n<a href=\"https:\/\/www.youtube.com\/watch?v=2n3q6JxVA0k\">https:\/\/www.youtube.com\/watch?v=2n3q6JxVA0k<\/a><\/strong><\/h3>\n<p><strong>Coproduite par <a href=\"https:\/\/saw-b.be\/\">SAW-B<\/a> et Smart APMC &#8211; Association Professionnelle des M\u00e9tiers de la Cr\u00e9ation.<\/strong><\/p>\n<p>&nbsp;<\/p>\n<p><strong>En voir plus?<\/strong><\/p>\n<p><a href=\"https:\/\/www.france24.com\/fr\/%C3%A9missions\/l-entretien-de-l-intelligence-%C3%A9conomique\/20201228-entreprises-sociales-comment-allier-solidarit%C3%A9-et-profit\">France24: L&rsquo;entretien de l&rsquo;intelligence \u00e9conomique, par Ali Laidi<br \/>\nInvit\u00e9: Jean-Fran\u00e7ois Draperi<\/a><br \/>\n\u00ab\u00a0Entreprises sociales: comment allier solidarit\u00e9 et profit?\u00a0\u00bb<br \/>\n28\/12\/2020 &#8211; dur\u00e9e 11 minutes<\/p>\n<p><a href=\"https:\/\/youtu.be\/z9kVFlRe6bw?t=1841\">Youtube: Rencontre pour le Centenaire de la revue Recma<\/a><br \/>\n\u00ab\u00a0Quelle \u00e9conomie et quelle soci\u00e9t\u00e9 voulons-nous demain?\u00a0\u00bb<br \/>\nPar Roland Berthilier (pr\u00e9sident groupe MGEN), Jean-Fran\u00e7ois Draperi (Recma), Jean Gatel (ancien Secr. d&rsquo;\u00c9tat charg\u00e9 de l&rsquo;\u00c9conomie sociale).<br \/>\n22\/02\/2021 &#8211; dur\u00e9e 2 heures<\/p>\n<p>&nbsp;<\/p>","protected":false},"excerpt":{"rendered":"<p>L&rsquo;\u00e9conomie sociale n&rsquo;est pas une plaisanterie, c&rsquo;est une urgence. Et comme nous avons nos priorit\u00e9s, le 1er avril 2021 nous avions choisi d&rsquo;inviter Jean-Fran\u00e7ois Draperi pour le cycle de conf\u00e9rences \u00ab\u00a0La coop\u00e9ration, \u00e7a se cultive\u00a0\u00bb organis\u00e9 par SAW-B et Smart &hellip;<\/p>\n","protected":false},"author":13,"featured_media":0,"comment_status":"closed","ping_status":"closed","sticky":false,"template":"","format":"standard","meta":{"footnotes":""},"categories":[25,24],"tags":[],"class_list":["post-34086","post","type-post","status-publish","format-standard","hentry","category-debats","category-evenements"],"aioseo_notices":[],"_links":{"self":[{"href":"https:\/\/smartbe.be\/fr\/wp-json\/wp\/v2\/posts\/34086","targetHints":{"allow":["GET"]}}],"collection":[{"href":"https:\/\/smartbe.be\/fr\/wp-json\/wp\/v2\/posts"}],"about":[{"href":"https:\/\/smartbe.be\/fr\/wp-json\/wp\/v2\/types\/post"}],"author":[{"embeddable":true,"href":"https:\/\/smartbe.be\/fr\/wp-json\/wp\/v2\/users\/13"}],"replies":[{"embeddable":true,"href":"https:\/\/smartbe.be\/fr\/wp-json\/wp\/v2\/comments?post=34086"}],"version-history":[{"count":15,"href":"https:\/\/smartbe.be\/fr\/wp-json\/wp\/v2\/posts\/34086\/revisions"}],"predecessor-version":[{"id":35134,"href":"https:\/\/smartbe.be\/fr\/wp-json\/wp\/v2\/posts\/34086\/revisions\/35134"}],"wp:attachment":[{"href":"https:\/\/smartbe.be\/fr\/wp-json\/wp\/v2\/media?parent=34086"}],"wp:term":[{"taxonomy":"category","embeddable":true,"href":"https:\/\/smartbe.be\/fr\/wp-json\/wp\/v2\/categories?post=34086"},{"taxonomy":"post_tag","embeddable":true,"href":"https:\/\/smartbe.be\/fr\/wp-json\/wp\/v2\/tags?post=34086"}],"curies":[{"name":"wp","href":"https:\/\/api.w.org\/{rel}","templated":true}]}}