
{"id":31376,"date":"2020-06-29T08:40:59","date_gmt":"2020-06-29T07:40:59","guid":{"rendered":"https:\/\/smartbe.be\/?p=31376"},"modified":"2020-07-01T17:42:24","modified_gmt":"2020-07-01T16:42:24","slug":"assemblee-generale-2020-letscoop","status":"publish","type":"post","link":"https:\/\/smartbe.be\/fr\/news\/assemblee-generale-2020-letscoop\/","title":{"rendered":"R\u00e9sultats et replay de l&rsquo;Assembl\u00e9e g\u00e9n\u00e9rale 2020: Let&rsquo;s coop!"},"content":{"rendered":"<h2><a href=\"https:\/\/smartbe.be\/wp-content\/uploads\/2020\/06\/104525447_258601738907908_7212749456756041020_n.jpg\"><img loading=\"lazy\" decoding=\"async\" class=\"wp-image-32199 aligncenter\" src=\"https:\/\/smartbe.be\/wp-content\/uploads\/2020\/06\/104525447_258601738907908_7212749456756041020_n.jpg\" alt=\"\" width=\"430\" height=\"225\" srcset=\"https:\/\/smartbe.be\/wp-content\/uploads\/2020\/06\/104525447_258601738907908_7212749456756041020_n.jpg 504w, https:\/\/smartbe.be\/wp-content\/uploads\/2020\/06\/104525447_258601738907908_7212749456756041020_n-300x157.jpg 300w, https:\/\/smartbe.be\/wp-content\/uploads\/2020\/06\/104525447_258601738907908_7212749456756041020_n-500x262.jpg 500w, https:\/\/smartbe.be\/wp-content\/uploads\/2020\/06\/104525447_258601738907908_7212749456756041020_n-290x152.jpg 290w\" sizes=\"auto, (max-width: 430px) 100vw, 430px\" \/><\/a><\/h2>\n<h2>En bref<\/h2>\n<p>En 2020, notre assembl\u00e9e g\u00e9n\u00e9rale s\u2019est tenue <strong>le 22 juin en France et le 23 juin en Belgique<\/strong>, les deux jours \u00e0 15h en format digital simultan\u00e9ment sur Youtube et Facebook. L\u2019\u00e9v\u00e9nement pouvait donc \u00eatre suivi en direct et a permis \u00e0 l\u2019audience de poser ses questions.<\/p>\n<p>Retrouvez les captations francophones de ces diffusions:<\/p>\n<p><strong>1\u00e8re partie \u00e0 Lille, le 22 juin 2020:<\/strong><\/p>\n<p><strong>* Facebook FR<\/strong><br \/>\n<a href=\"https:\/\/fr-fr.facebook.com\/smartfr.fr\/videos\/2695233114099798\/\">https:\/\/fr-fr.facebook.com\/smartfr.fr\/videos\/2695233114099798\/<\/a><\/p>\n<p><strong>* Youtube FR<\/strong><br \/>\n<a href=\"https:\/\/www.youtube.com\/watch?v=EqJBDofe0gU\">https:\/\/www.youtube.com\/watch?v=EqJBDofe0gU<\/a><\/p>\n<p><strong>2\u00e8me partie \u00e0 Bruxelles, le 23 juin 2020<\/strong><strong>:<\/strong><\/p>\n<p><strong>*<\/strong><strong> Facebook FR <\/strong>(merci d\u2019avancer \u00e0 56min)<br \/>\n<a href=\"https:\/\/www.facebook.com\/SMartBeFR\/videos\/265162324721933\/\">https:\/\/www.facebook.com\/SMartBeFR\/videos\/265162324721933\/<\/a><\/p>\n<p><strong>*<\/strong><strong> Youtube FR <\/strong>(d\u00e9but effectif \u00e0 56min)<br \/>\n<a href=\"https:\/\/www.youtube.com\/watch?v=N1uHxJVLyas?t=3374\">https:\/\/www.youtube.com\/watch?v=N1uHxJVLyas?t=3374<\/a><\/p>\n<p>&nbsp;<\/p>\n<p>Comme chaque ann\u00e9e, <strong>le vote des motions et d\u00e9cisions par les soci\u00e9taires \u00e9tait \u00e9lectronique<\/strong>.<br \/>\nDocuments, vid\u00e9os, temps d\u2019\u00e9change permettent de vous informer, et donnent la possibilit\u00e9 de voter en connaissance de cause.<\/p>\n<p><strong><img decoding=\"async\" class=\"\" src=\"https:\/\/gallery.mailchimp.com\/a1823cb340f9b593e2e56a242\/images\/abe5057e-3e1f-4129-b9af-da86f214989a.png\" alt=\"Go to\" \/><\/strong><strong><a href=\"https:\/\/smartbe.be\/fr\/?page_id=31315&amp;preview=true\">Ordre du jour de l\u2019assembl\u00e9e g\u00e9n\u00e9rale et r\u00e9sultats des votes<\/a> (pour SmartCoop)<\/strong><\/p>\n<h2>Blaise Ludik, com\u00e9dien et soci\u00e9taire\u202f: Pourquoi je participe\u2026<\/h2>\n<div class=\"video-container\"><iframe loading=\"lazy\" title=\"#Letscoop2020 - Blaise Ludik - Pourquoi je participe \u00e0 l&#039;AG\" width=\"584\" height=\"329\" src=\"https:\/\/www.youtube.com\/embed\/3o-S_A3QzAk?feature=oembed\" frameborder=\"0\" allow=\"accelerometer; autoplay; clipboard-write; encrypted-media; gyroscope; picture-in-picture; web-share\" referrerpolicy=\"strict-origin-when-cross-origin\" allowfullscreen><\/iframe><\/div>\n<h2>Une formule adapt\u00e9e<\/h2>\n<p>Depuis quelques ann\u00e9es, l\u2019assembl\u00e9e g\u00e9n\u00e9rale est un temps phare de notre coop\u00e9rative, un temps formel que nous avons voulu aussi un temps d\u2019\u00e9changes et de vie collective. Cependant, la crise du coronavirus nous a contraints \u00e0 revoir la formule. Pas d\u2019ateliers, de conf\u00e9rences, de barbecue cette ann\u00e9e, tout rassemblement \u00e9tant impossible. L\u2019assembl\u00e9e g\u00e9n\u00e9rale s\u2019est donc tenue en format digital en live sur Youtube et Facebook. Le programme, compos\u00e9 dans ce cadre tr\u00e8s particulier du printemps 2020, fut centr\u00e9 sur les \u00e9changes et la participation pour permettre aux soci\u00e9taires de co-d\u00e9cider de l\u2019avenir de la coop\u00e9rative. Pas de repas collectif cette ann\u00e9e, nous en sommes toutes et tous rest\u00e9s \u201csur notre faim\u201d, mais ce n\u2019est que partie remise, et le vote s\u2019est malgr\u00e9 tout d\u00e9roul\u00e9 sans accroc tant en Belgique qu\u2019en France.<\/p>\n<p>Vous avez pu voter durant une dizaine de jours jusqu\u2019au mardi 23 juin \u00e0 16h30. Pour rappel, en tant que soci\u00e9taire de la coop\u00e9rative, vous disposez d\u2019un droit de vote (une personne = une voix) et d\u2019acc\u00e8s privil\u00e9gi\u00e9s aux discussions et aux groupes de travail annuels. Comme les ann\u00e9es pr\u00e9c\u00e9dentes, le vote \u00e9lectronique permettait de voter o\u00f9 que vous soyez.\u202fChaque soci\u00e9taire (membres, \u00e9quipe, partenaires) disposait du m\u00eame laps de temps pour voter. Les r\u00e9solutions soumises au vote ainsi que la marche \u00e0 suivre ont \u00e9t\u00e9 communiqu\u00e9es par mail individuel.<\/p>\n<h2>Plus d\u2019infos\u2026<\/h2>\n<p>Afin de vous permettre de s\u2019informer au mieux et de voter en connaissance de cause, une s\u00e9rie de ressources \u00e9taient mises \u00e0 votre disposition : vid\u00e9os, documents, temps d\u2019\u00e9changes. <a href=\"https:\/\/smartbe.be\/fr\/assemblee-generale-ordinaire-et-extraordinaire-2020\/\">L\u2019ensemble de ces ressources<\/a> reste disponible \u00e0 la consultation.<\/p>\n<p>Vid\u00e9os pr\u00e9alables 2020 sur le d\u00e9roulement de l\u2019Assembl\u00e9e en Belgique et en France, les r\u00e9solutions, les chiffres 2019, la d\u00e9marche Smart In Progress et les changements statutaires en Belgique\u2026 dont voici la premi\u00e8re de la s\u00e9rie (playlist de 14 s\u00e9quences):<\/p>\n<p><iframe loading=\"lazy\" src=\"https:\/\/www.youtube.com\/embed\/videoseries?list=PL0ui8MceUYB94mQCmIDx6IgOS5dCMNdwI\" width=\"560\" height=\"315\" frameborder=\"0\" allowfullscreen=\"allowfullscreen\"><\/iframe><\/p>\n<div class=\"video-container\">\n<div class=\"fluid-width-video-wrapper\"><\/div>\n<\/div>\n<p>&nbsp;<\/p>\n<p>Une <strong>visioconf\u00e9rence consacr\u00e9e aux chiffres 2019<\/strong> a aussi \u00e9t\u00e9 organis\u00e9e en fran\u00e7ais et n\u00e9erlandais, un temps d\u2019\u00e9changes, de questions, de r\u00e9ponses pour lequel une invitation \u00e9tait d\u00e9livr\u00e9e sur inscription:<\/p>\n<ul>\n<li>les chiffres 2019 en n\u00e9erlandais \u2013 a eu lieu le 16\/06 de 10h \u00e0 11h avec Thomas Blondeel et Nicolas Wallet<\/li>\n<li>les chiffres 2019 en fran\u00e7ais \u2013 a eu lieu le 17\/06 de 14h \u00e0 15h avec Nicolas Wallet<\/li>\n<\/ul>\n<h2 class=\"null\">Des questions?<\/h2>\n<p>Le temps de l\u2019assembl\u00e9e g\u00e9n\u00e9rale \u00e9tant relativement court, nous avons tent\u00e9 de r\u00e9pondre en direct \u00e0 toutes les questions pos\u00e9es via les commentaires ou les canaux de discussion. Vous d\u00e9sirez solliciter l\u2019\u00e9quipe d\u2019organisation 2020 ou 2021? Une adresse : <u><a href=\"mailto:&#x6c;&#x65;&#x74;&#x73;&#x63;&#x6f;&#x6f;&#x70;&#x40;&#x73;&#x6d;&#x61;&#x72;&#x74;&#x2e;&#x63;&#x6f;&#x6f;&#x70;\" target=\"_blank\" rel=\"noreferrer noopener\">&#x6c;&#x65;&#x74;&#x73;&#x63;&#x6f;&#x6f;&#x70;&#x40;<span class=\"oe_displaynone\">null<\/span>&#x73;&#x6d;&#x61;&#x72;&#x74;&#x2e;&#x63;&#x6f;&#x6f;&#x70;<\/a><\/u><\/p>\n<p><strong>Pour 2020, n\u2019h\u00e9sitez pas \u00e0 lire le Rapport d\u2019Activit\u00e9, \u00e0 revoir les vid\u00e9os de l\u2019Assembl\u00e9e g\u00e9n\u00e9rale, \u00e0 consulter les r\u00e9sultats des diff\u00e9rents votes, au niveau europ\u00e9en, en Belgique et en France.<br \/>\nEt pour 2021, la pr\u00e9paration commence d\u00e9j\u00e0\u2026<br \/>\nD\u00e9mocratie, entreprise partag\u00e9e, pour avancer ensemble : Let\u2019s coop !<\/strong><\/p>\n<p><strong><img decoding=\"async\" src=\"https:\/\/gallery.mailchimp.com\/a1823cb340f9b593e2e56a242\/images\/abe5057e-3e1f-4129-b9af-da86f214989a.png\" alt=\"Go to\" \/>#Letscoop2020<\/strong><\/p>","protected":false},"excerpt":{"rendered":"<p>En bref En 2020, notre assembl\u00e9e g\u00e9n\u00e9rale s\u2019est tenue le 22 juin en France et le 23 juin en Belgique, les deux jours \u00e0 15h en format digital simultan\u00e9ment sur Youtube et Facebook. L\u2019\u00e9v\u00e9nement pouvait donc \u00eatre suivi en direct &hellip;<\/p>\n","protected":false},"author":54,"featured_media":0,"comment_status":"closed","ping_status":"closed","sticky":false,"template":"","format":"standard","meta":{"footnotes":""},"categories":[362],"tags":[],"class_list":["post-31376","post","type-post","status-publish","format-standard","hentry","category-vie-cooperative"],"aioseo_notices":[],"_links":{"self":[{"href":"https:\/\/smartbe.be\/fr\/wp-json\/wp\/v2\/posts\/31376","targetHints":{"allow":["GET"]}}],"collection":[{"href":"https:\/\/smartbe.be\/fr\/wp-json\/wp\/v2\/posts"}],"about":[{"href":"https:\/\/smartbe.be\/fr\/wp-json\/wp\/v2\/types\/post"}],"author":[{"embeddable":true,"href":"https:\/\/smartbe.be\/fr\/wp-json\/wp\/v2\/users\/54"}],"replies":[{"embeddable":true,"href":"https:\/\/smartbe.be\/fr\/wp-json\/wp\/v2\/comments?post=31376"}],"version-history":[{"count":12,"href":"https:\/\/smartbe.be\/fr\/wp-json\/wp\/v2\/posts\/31376\/revisions"}],"predecessor-version":[{"id":32203,"href":"https:\/\/smartbe.be\/fr\/wp-json\/wp\/v2\/posts\/31376\/revisions\/32203"}],"wp:attachment":[{"href":"https:\/\/smartbe.be\/fr\/wp-json\/wp\/v2\/media?parent=31376"}],"wp:term":[{"taxonomy":"category","embeddable":true,"href":"https:\/\/smartbe.be\/fr\/wp-json\/wp\/v2\/categories?post=31376"},{"taxonomy":"post_tag","embeddable":true,"href":"https:\/\/smartbe.be\/fr\/wp-json\/wp\/v2\/tags?post=31376"}],"curies":[{"name":"wp","href":"https:\/\/api.w.org\/{rel}","templated":true}]}}