
{"id":28127,"date":"2019-09-16T13:46:59","date_gmt":"2019-09-16T12:46:59","guid":{"rendered":"https:\/\/smartbe.be\/?p=28127"},"modified":"2019-09-25T15:27:34","modified_gmt":"2019-09-25T14:27:34","slug":"platform-coop-bruxelles-quelles-politiques-de-soutien-a-lentrepreneuriat-cooperatif-de-plateforme-en-europe","status":"publish","type":"post","link":"https:\/\/smartbe.be\/fr\/news\/platform-coop-bruxelles-quelles-politiques-de-soutien-a-lentrepreneuriat-cooperatif-de-plateforme-en-europe\/","title":{"rendered":"PLATFORM COOP BRUXELLES &#8211;  Quelles politiques de soutien \u00e0 l\u2019entrepreneuriat coop\u00e9ratif de plateforme en Europe ?"},"content":{"rendered":"<p><strong>Smart<\/strong>, en partenariat avec <strong>Saw-B<\/strong> et <strong>Febecoop<\/strong>, organise la journ\u00e9e de cl\u00f4ture du projet \u00ab <strong>Platform COOP Brussels<\/strong> \u00bb.<\/p>\n<p><strong>Platform Coop Brussels<\/strong> est un projet soutenu par la R\u00e9gion de Bruxelles-Capitale qui entend promouvoir l\u2019\u00e9mergence d\u2019une alternative coop\u00e9rative dans le champ de l\u2019\u00e9conomie collaborative \u00e0 Bruxelles.<\/p>\n<p>Les enjeux de ce mouvement \u00e9tant \u00e0 la fois locaux et europ\u00e9ens, la journ\u00e9e de cl\u00f4ture abordera ces deux niveaux.<\/p>\n<p>La conf\u00e9rence r\u00e9unira des entrepreneurs de plateformes coop\u00e9ratives, des chercheurs, des structures de soutien et des repr\u00e9sentants institutionnels lors de panels en format \u00ab Regards Crois\u00e9s \u00bb. Trois panels d\u2019experts pour aborder trois enjeux sp\u00e9cifiques aux plateformes coop\u00e9ratives : les mod\u00e8les \u00e9conomiques et financiers, le travail et la gouvernance ainsi que le d\u00e9veloppement local et durable.<\/p>\n<p><a href=\"https:\/\/smartbe.be\/wp-content\/uploads\/2019\/09\/programmeFRweb.pdf\" target=\"_blank\" rel=\"noopener noreferrer\">Programme<\/a><\/p>\n<p><a href=\"https:\/\/www.eventbrite.fr\/e\/billets-journee-de-cloture-du-projet-platform-coop-brussels-72387379601\" target=\"_blank\" rel=\"noopener noreferrer\">Inscription<\/a><\/p>\n<h3><strong><em>Infos pratiques<\/em><\/strong><\/h3>\n<p>Quand: Le jeudi 17 octobre 2019, de 9h \u00e0 14h<\/p>\n<p>O\u00f9: Comit\u00e9 Europ\u00e9en des R\u00e9gions, rue Belliard 99\/101, 1040 Bruxelles, Belgique<\/p>\n<p>Conf\u00e9rence en fran\u00e7ais, anglais, n\u00e9erlandais<\/p>","protected":false},"excerpt":{"rendered":"<p>Smart, en partenariat avec Saw-B et Febecoop, organise la journ\u00e9e de cl\u00f4ture du projet \u00ab Platform COOP Brussels \u00bb. Platform Coop Brussels est un projet soutenu par la R\u00e9gion de Bruxelles-Capitale qui entend promouvoir l\u2019\u00e9mergence d\u2019une alternative coop\u00e9rative dans le &hellip;<\/p>\n","protected":false},"author":65,"featured_media":28129,"comment_status":"closed","ping_status":"closed","sticky":false,"template":"","format":"standard","meta":{"footnotes":""},"categories":[25,24],"tags":[],"class_list":["post-28127","post","type-post","status-publish","format-standard","has-post-thumbnail","hentry","category-debats","category-evenements"],"aioseo_notices":[],"_links":{"self":[{"href":"https:\/\/smartbe.be\/fr\/wp-json\/wp\/v2\/posts\/28127","targetHints":{"allow":["GET"]}}],"collection":[{"href":"https:\/\/smartbe.be\/fr\/wp-json\/wp\/v2\/posts"}],"about":[{"href":"https:\/\/smartbe.be\/fr\/wp-json\/wp\/v2\/types\/post"}],"author":[{"embeddable":true,"href":"https:\/\/smartbe.be\/fr\/wp-json\/wp\/v2\/users\/65"}],"replies":[{"embeddable":true,"href":"https:\/\/smartbe.be\/fr\/wp-json\/wp\/v2\/comments?post=28127"}],"version-history":[{"count":8,"href":"https:\/\/smartbe.be\/fr\/wp-json\/wp\/v2\/posts\/28127\/revisions"}],"predecessor-version":[{"id":28299,"href":"https:\/\/smartbe.be\/fr\/wp-json\/wp\/v2\/posts\/28127\/revisions\/28299"}],"wp:featuredmedia":[{"embeddable":true,"href":"https:\/\/smartbe.be\/fr\/wp-json\/wp\/v2\/media\/28129"}],"wp:attachment":[{"href":"https:\/\/smartbe.be\/fr\/wp-json\/wp\/v2\/media?parent=28127"}],"wp:term":[{"taxonomy":"category","embeddable":true,"href":"https:\/\/smartbe.be\/fr\/wp-json\/wp\/v2\/categories?post=28127"},{"taxonomy":"post_tag","embeddable":true,"href":"https:\/\/smartbe.be\/fr\/wp-json\/wp\/v2\/tags?post=28127"}],"curies":[{"name":"wp","href":"https:\/\/api.w.org\/{rel}","templated":true}]}}