
{"id":28027,"date":"2019-09-02T10:48:50","date_gmt":"2019-09-02T09:48:50","guid":{"rendered":"https:\/\/smartbe.be\/?p=28027"},"modified":"2019-10-21T16:02:45","modified_gmt":"2019-10-21T15:02:45","slug":"faites-partie-du-jury-qui-elira-le-prix-smart-du-festival-des-libertes","status":"publish","type":"post","link":"https:\/\/smartbe.be\/fr\/news\/faites-partie-du-jury-qui-elira-le-prix-smart-du-festival-des-libertes\/","title":{"rendered":"Faites partie du jury qui \u00e9lira le prix Smart du Festival des Libert\u00e9s"},"content":{"rendered":"<p>Comme les ann\u00e9es pr\u00e9c\u00e9dentes, Smart soutient le <a href=\"http:\/\/www.festivaldeslibertes.be\/2019\/fase6?event=19000&amp;_____#19000\">Festival des Libert\u00e9s<\/a>, qui se tient du 17 au 26\/10, en remettant le Prix Smart \u00e0 l\u2019un des documentaires de la comp\u00e9tition.<\/p>\n<p>Le principe est simple : les membres du jury doivent visionner une quinzaine de documentaires entre septembre et mi-octobre, avant de d\u00e9lib\u00e9rer ensemble pour attribuer le prix \u00e0 l\u2019un des candidats.<\/p>\n<p>Le choix du jury doit \u00eatre r\u00e9alis\u00e9 pour le lundi 21 octobre. La proclamation des laur\u00e9ats se tient le samedi 26\/10, le soir de la cl\u00f4ture avant la derni\u00e8re projection.<\/p>\n<p>Les conditions requises :<\/p>\n<ul>\n<li>\u00catre soci\u00e9taire Smart<\/li>\n<li>Pouvoir lire et\/ou comprendre l\u2019anglais<\/li>\n<li>\u00catre libre la semaine du 7 octobre pour pouvoir participer \u00e0 la r\u00e9union du jury<\/li>\n<\/ul>\n<p>Les membres du jury Smart b\u00e9n\u00e9ficient d\u2019un acc\u00e8s \u00e0 tous les \u00e9v\u00e9nements souhait\u00e9s pendant la dur\u00e9e du Festival des Libert\u00e9s. Les demandes de places doivent \u00eatre faites au plus tard 48h avant l&rsquo;\u00e9v\u00e9nement, dans les limites des places disponibles.<\/p>\n<p>Vous \u00eates tent\u00e9(e) par l\u2019exp\u00e9rience ? Envoyez un mail \u00e0\u00a0 <a href=\"mailto:&#x61;&#x75;&#x64;&#x65;&#x2e;&#x76;&#x69;&#x72;&#x67;&#x6f;&#x40;&#x73;&#x6d;&#x61;&#x72;&#x74;&#x2e;&#x63;&#x6f;&#x6f;&#x70;\">Aude<\/a> avant le 8 septembre!<\/p>","protected":false},"excerpt":{"rendered":"<p>Comme les ann\u00e9es pr\u00e9c\u00e9dentes, Smart soutient le Festival des Libert\u00e9s, qui se tient du 17 au 26\/10, en remettant le Prix Smart \u00e0 l\u2019un des documentaires de la comp\u00e9tition. Le principe est simple : les membres du jury doivent visionner &hellip;<\/p>\n","protected":false},"author":56,"featured_media":0,"comment_status":"closed","ping_status":"closed","sticky":false,"template":"","format":"standard","meta":{"footnotes":""},"categories":[24],"tags":[],"class_list":["post-28027","post","type-post","status-publish","format-standard","hentry","category-evenements"],"aioseo_notices":[],"_links":{"self":[{"href":"https:\/\/smartbe.be\/fr\/wp-json\/wp\/v2\/posts\/28027","targetHints":{"allow":["GET"]}}],"collection":[{"href":"https:\/\/smartbe.be\/fr\/wp-json\/wp\/v2\/posts"}],"about":[{"href":"https:\/\/smartbe.be\/fr\/wp-json\/wp\/v2\/types\/post"}],"author":[{"embeddable":true,"href":"https:\/\/smartbe.be\/fr\/wp-json\/wp\/v2\/users\/56"}],"replies":[{"embeddable":true,"href":"https:\/\/smartbe.be\/fr\/wp-json\/wp\/v2\/comments?post=28027"}],"version-history":[{"count":2,"href":"https:\/\/smartbe.be\/fr\/wp-json\/wp\/v2\/posts\/28027\/revisions"}],"predecessor-version":[{"id":28034,"href":"https:\/\/smartbe.be\/fr\/wp-json\/wp\/v2\/posts\/28027\/revisions\/28034"}],"wp:attachment":[{"href":"https:\/\/smartbe.be\/fr\/wp-json\/wp\/v2\/media?parent=28027"}],"wp:term":[{"taxonomy":"category","embeddable":true,"href":"https:\/\/smartbe.be\/fr\/wp-json\/wp\/v2\/categories?post=28027"},{"taxonomy":"post_tag","embeddable":true,"href":"https:\/\/smartbe.be\/fr\/wp-json\/wp\/v2\/tags?post=28027"}],"curies":[{"name":"wp","href":"https:\/\/api.w.org\/{rel}","templated":true}]}}