
{"id":26917,"date":"2019-06-24T09:52:37","date_gmt":"2019-06-24T08:52:37","guid":{"rendered":"https:\/\/smartbe.be\/?p=26917\/"},"modified":"2019-08-16T10:22:53","modified_gmt":"2019-08-16T09:22:53","slug":"br2019-demandez-le-programme-les-inscriptions-sont-lancees","status":"publish","type":"post","link":"https:\/\/smartbe.be\/fr\/news\/br2019-demandez-le-programme-les-inscriptions-sont-lancees\/","title":{"rendered":"#BR2019 : demandez le programme ! les inscriptions sont lanc\u00e9es !"},"content":{"rendered":"<h6>\u00a9 Christian Baron<\/h6>\n<p>\u00c7a y est, il est sorti\u00a0! Sur la base de vos nombreuses et pr\u00e9cieuses contributions (plus de 150\u00a0!), notre bigre \u00e9quipe de choc a tricot\u00e9 un programme dense, riche et \u00e9tonnant pour la semaine du 26 au 30 ao\u00fbt 2019\u00a0: des ateliers pour s\u2019outiller et gagner des march\u00e9s europ\u00e9ens aux s\u00e9ances de Do In, en passant par des conf\u00e9rences gesticul\u00e9es ou la vo\u00fbte \u00e9toil\u00e9e, il y en a pour \u00e0 peu pr\u00e8s tous les go\u00fbts qui sont dans nos natures.<\/p>\n<p>Vous retrouvez le d\u00e9tail de cette programmation sous forme de tableau <u><a href=\"https:\/\/drive.google.com\/file\/d\/17xPEYQ4m5HLEXRC6btofzuevi3oGpaQi\/view?usp=sharing\">par l\u00e0<\/a><\/u>. Le texte plus d\u00e9taill\u00e9 vous sera transmis avec le formulaire d\u2019inscription aux ateliers une fois que vous aurez confirm\u00e9 votre inscription logistique.<\/p>\n<p>Une nouveaut\u00e9 cette ann\u00e9e : l\u2019apr\u00e8s-midi du mardi 27 ao\u00fbt est r\u00e9serv\u00e9 \u00e0 la coop\u00e9ration de fili\u00e8res, aux collectifs m\u00e9tiers et aux coop\u00e9rations \u00e9conomiques au niveau bigresque. Nous souhaitons faciliter l\u2019interconnaissance entre professionnel\u2219les du m\u00eame secteur d\u2019activit\u00e9, permettre l\u2019\u00e9change de pratiques, donner l\u2019envie du collectif, partager les enjeux d\u2019entreprendre \u00e0 plusieurs, amorcer des projets communs\u2026 La programmation d\u00e9taill\u00e9e de cet apr\u00e8s-midi du mardi 27\/8 se fera durant l\u2019\u00e9t\u00e9 pour \u00eatre en lien avec les activit\u00e9s des inscrit\u2219es de la Bigre Rencontre. Nous vous l\u2019enverrons la semaine pr\u00e9c\u00e9dente.<\/p>\n<h2>Trop chouette\u00a0! Mais comment m\u2019inscrire\u00a0?<\/h2>\n<p>Il y a <strong>deux<\/strong> formulaires \u00e0 remplir\u00a0: pour r\u00e9server votre h\u00e9bergement et vous inscrire aux ateliers. Attention, ils ne sont pas ouverts jusqu\u2019\u00e0 la m\u00eame date\u00a0!<\/p>\n<ol>\n<li>Pour r\u00e9server votre <strong>h\u00e9bergement<\/strong>, merci de remplir<a href=\"https:\/\/lc.cx\/brresalog\" target=\"_blank\" rel=\"noopener\"> <u>ce formulaire<\/u><\/a>.<\/li>\n<\/ol>\n<p><strong>Il sera ouvert jusqu\u2019au 20 juillet <\/strong>: attention, cette date est ferme\u00a0! Nous attendons 300 personnes, nous ne pourrons pas avoir la m\u00eame souplesse que pour les \u00e9ditions pr\u00e9c\u00e9dentes.<\/p>\n<p><strong>Si vous venez avec des accompagnant<\/strong>\u00b7<strong>es<\/strong> (conjoint\u00b7es, enfants\u2026) et\/ou que vous souhaitez arriver avant le d\u00e9but de la rencontre ou repartir apr\u00e8s sa fin pour profiter du Lazaret, merci de pr\u00e9ciser tout cela en d\u00e9tail dans le formulaire d\u2019inscription.<\/p>\n<ol start=\"2\">\n<li>Pour vous inscrire aux <strong>ateliers<\/strong>, soir\u00e9es, temps d\u2019\u00e9veil et autres \u00e9v\u00e9nements du programme, le lien vers le formulaire vous sera transmis une fois que vous aurez accept\u00e9 le devis de votre s\u00e9jour et confirm\u00e9 votre paiement par virement bancaire.<\/li>\n<\/ol>\n<p>Il sera ouvert <strong>jusqu\u2019au 10 ao\u00fbt<\/strong> (cette date aussi est ferme, pour les m\u00eames raisons\u00a0!)<\/p>\n<h2>Les infos essentielles<\/h2>\n<p>La Bigre rencontre 2019, c\u2019est du 26 au 30 ao\u00fbt <u><a href=\"http:\/\/www.lazaretsete.com\/\">au Lazaret<\/a><\/u> \u00e0 S\u00e8te. Cette rencontre est un espace o\u00f9 les acteurs et actrices du mouvement coop\u00e9ratif se retrouvent pour \u00e9changer, faire ensemble, et se former dans un cadre de convivialit\u00e9 et de d\u00e9tente. Elle est organis\u00e9e par Smart, Oxalis et Coopaname et est ouverte \u00e0 tou\u00b7tes leurs membres, mais aussi \u00e0 tou\u00b7tes les coop\u00e9rateur\u00b7es de leurs galaxies respectives.<\/p>\n<p>Si vous souhaitez plus de pr\u00e9cisions n\u2019h\u00e9sitez pas \u00e0 contacter <u><a href=\"mailto:&#x6e;&#x6f;&#x65;&#x6d;&#x69;&#x65;&#x40;&#x62;&#x69;&#x67;&#x72;&#x65;&#x2e;&#x63;&#x6f;&#x6f;&#x70;\">&#x6e;&#x6f;&#x65;&#x6d;&#x69;&#x65;&#x40;<span class=\"oe_displaynone\">null<\/span>&#x62;&#x69;&#x67;&#x72;&#x65;&#x2e;&#x63;&#x6f;&#x6f;&#x70;<\/a><\/u> ou\u00a0<u><a href=\"mailto:&#x61;&#x6e;&#x6e;&#x65;&#x2d;&#x6c;&#x61;&#x75;&#x72;&#x65;&#x40;&#x62;&#x69;&#x67;&#x72;&#x65;&#x2e;&#x63;&#x6f;&#x6f;&#x70;\">&#x61;&#x6e;&#x6e;&#x65;&#x2d;&#x6c;&#x61;&#x75;&#x72;&#x65;&#x40;<span class=\"oe_displaynone\">null<\/span>&#x62;&#x69;&#x67;&#x72;&#x65;&#x2e;&#x63;&#x6f;&#x6f;&#x70;<\/a><\/u><\/p>\n<h2>Participation aux frais, tarif &#8211; tous les prix sont exprim\u00e9s htva<\/h2>\n<p>100 \u20ac HT par jour et par personne, incluant repas, h\u00e9bergement et acc\u00e8s \u00e0 l\u2019ensemble de la programmation. Tarif semaine 380 HT \u20ac.<\/p>\n<p>&nbsp;<\/p>\n<p>Ces tarifs sont applicables \u00e0 tou\u00b7tes les participant\u00b7es adultes, coop\u00e9rateur\u00b7es ou accompagnant\u00b7es.<\/p>\n<p>Les enfants b\u00e9n\u00e9ficient d\u2019un tarif r\u00e9duit\u00a0: 38 \u20ac HT \/ jour de 3 \u00e0 7 ans, 44 \u20ac HT \/ jour de 8 \u00e0 15 ans.<\/p>\n<p>&nbsp;<\/p>\n<p><em>Modalit\u00e9s de prise en charge pour les smartien<\/em>\u00b7<em>nes et grands ensemblien<\/em>\u00b7<em>nes\u00a0: Smart et Grands Ensemble prennent en charge 50 % de la participation aux frais, soit 50 \u20ac HT \/ jour tout compris (ou 190 \u20ac HT pour la semaine)<\/em><em>. Le solde des frais d\u2019inscription des coop\u00e9rateur<\/em>\u00b7<em>es et leurs frais de d\u00e9placement peuvent \u00eatre pris en charge par les activit\u00e9s. <\/em><\/p>","protected":false},"excerpt":{"rendered":"<p>\u00a9 Christian Baron \u00c7a y est, il est sorti\u00a0! Sur la base de vos nombreuses et pr\u00e9cieuses contributions (plus de 150\u00a0!), notre bigre \u00e9quipe de choc a tricot\u00e9 un programme dense, riche et \u00e9tonnant pour la semaine du 26 au &hellip;<\/p>\n","protected":false},"author":65,"featured_media":26919,"comment_status":"closed","ping_status":"closed","sticky":false,"template":"","format":"standard","meta":{"footnotes":""},"categories":[24],"tags":[],"class_list":["post-26917","post","type-post","status-publish","format-standard","has-post-thumbnail","hentry","category-evenements"],"aioseo_notices":[],"_links":{"self":[{"href":"https:\/\/smartbe.be\/fr\/wp-json\/wp\/v2\/posts\/26917","targetHints":{"allow":["GET"]}}],"collection":[{"href":"https:\/\/smartbe.be\/fr\/wp-json\/wp\/v2\/posts"}],"about":[{"href":"https:\/\/smartbe.be\/fr\/wp-json\/wp\/v2\/types\/post"}],"author":[{"embeddable":true,"href":"https:\/\/smartbe.be\/fr\/wp-json\/wp\/v2\/users\/65"}],"replies":[{"embeddable":true,"href":"https:\/\/smartbe.be\/fr\/wp-json\/wp\/v2\/comments?post=26917"}],"version-history":[{"count":12,"href":"https:\/\/smartbe.be\/fr\/wp-json\/wp\/v2\/posts\/26917\/revisions"}],"predecessor-version":[{"id":27059,"href":"https:\/\/smartbe.be\/fr\/wp-json\/wp\/v2\/posts\/26917\/revisions\/27059"}],"wp:featuredmedia":[{"embeddable":true,"href":"https:\/\/smartbe.be\/fr\/wp-json\/wp\/v2\/media\/26919"}],"wp:attachment":[{"href":"https:\/\/smartbe.be\/fr\/wp-json\/wp\/v2\/media?parent=26917"}],"wp:term":[{"taxonomy":"category","embeddable":true,"href":"https:\/\/smartbe.be\/fr\/wp-json\/wp\/v2\/categories?post=26917"},{"taxonomy":"post_tag","embeddable":true,"href":"https:\/\/smartbe.be\/fr\/wp-json\/wp\/v2\/tags?post=26917"}],"curies":[{"name":"wp","href":"https:\/\/api.w.org\/{rel}","templated":true}]}}