
{"id":26796,"date":"2019-06-11T13:11:12","date_gmt":"2019-06-11T12:11:12","guid":{"rendered":"https:\/\/smartbe.be\/?p=26796\/"},"modified":"2019-06-11T13:11:12","modified_gmt":"2019-06-11T12:11:12","slug":"smart-recherche-1-gestionnaire-back-office-affectation-et-facturation-h-f-x-en-cdi-poste-base-a-bruxelles","status":"publish","type":"post","link":"https:\/\/smartbe.be\/fr\/news\/smart-recherche-1-gestionnaire-back-office-affectation-et-facturation-h-f-x-en-cdi-poste-base-a-bruxelles\/","title":{"rendered":"Smart recherche 1 gestionnaire back-office affectation et facturation (H\/F\/X) en CDI \u2013 Poste bas\u00e9 \u00e0 Bruxelles"},"content":{"rendered":"<p>Smart est l&rsquo;\u00e9manation de travailleurs.ses de tous horizons qui s&rsquo;associent, dans la forme d\u2019une soci\u00e9t\u00e9 coop\u00e9rative \u00e0 finalit\u00e9 sociale dont ils empruntent la personnalit\u00e9 juridique, pour se doter des moyens de d\u00e9velopper en toute autonomie leurs propres activit\u00e9s \u00e9conomiques et de se procurer des revenus socialis\u00e9s et fiscalis\u00e9s.<\/p>\n<p>Depuis sa cr\u00e9ation en Belgique en 1998, Smart accompagne quelques 100.000 membres dans la gestion administrative de leurs activit\u00e9s professionnelles \u00e0 travers 40 bureaux en Europe, en leur proposant une solution originale pour cr\u00e9er leur emploi salari\u00e9.<\/p>\n<p>Pr\u00e9sentation d\u00e9taill\u00e9e de Smart :<\/p>\n<div class=\"video-container\">\n<blockquote class=\"wp-embedded-content\" data-secret=\"9uX7I4TQyp\"><p><a href=\"https:\/\/smartbe.be\/fr\/a-propos\/\">Smart, l&rsquo;entreprise partag\u00e9e<\/a><\/p><\/blockquote>\n<p><iframe loading=\"lazy\" class=\"wp-embedded-content\" sandbox=\"allow-scripts\" security=\"restricted\" style=\"position: absolute; clip: rect(1px, 1px, 1px, 1px);\" title=\"\u00ab\u00a0Smart, l&rsquo;entreprise partag\u00e9e\u00a0\u00bb &#8212; Smart\" src=\"https:\/\/smartbe.be\/fr\/a-propos\/embed\/#?secret=CcwSLZFZro#?secret=9uX7I4TQyp\" data-secret=\"9uX7I4TQyp\" width=\"584\" height=\"329\" frameborder=\"0\" marginwidth=\"0\" marginheight=\"0\" scrolling=\"no\"><\/iframe><\/div>\n<p>Organis\u00e9e sous la forme coop\u00e9rative, Smart recherche 1 gestionnaire back-office affectation et facturation (H\/F\/X) pour renforcer son service comptabilit\u00e9 au sein de la direction administrative et financi\u00e8re (DAF).<\/p>\n<p>Description du poste<br \/>\nCe poste est nouvellement cr\u00e9\u00e9 dans une phase de r\u00e9organisation des services de la DAF pour centraliser et uniformiser des t\u00e2ches de m\u00eame nature qui sont actuellement r\u00e9alis\u00e9es par plusieurs collaborateurs dans des environnements g\u00e9ographiques et informatiques distincts.<br \/>\nLe lieu d\u2019ex\u00e9cution du travail pourra \u00e9galement ponctuellement (rythme d\u20191 jour\/semaine) se situer dans tout si\u00e8ge de Smart en Europe et notamment en France (Lille).<\/p>\n<p>Sous la responsabilit\u00e9 du contr\u00f4leur financier, vous aurez pour principales missions :<br \/>\n&#8211;\tD\u2019affecter et de rapprocher les paiements sur une base journali\u00e8re<br \/>\n&#8211;\tDe prendre en charge la g\u00e9n\u00e9ration et le suivi administratif des factures manuelles<br \/>\n&#8211;\tDe r\u00e9aliser la r\u00e9conciliation bancaire<br \/>\n&#8211;\tDe fournir toute collaboration et information visant \u00e0 centraliser, r\u00e9organiser et automatiser l\u2019affectation des paiements et la facturation structure au contr\u00f4leur financier ainsi qu\u2019\u00e0 l\u2019\u00e9quipe de soutien \u00e0 la direction.<\/p>\n<p>Vos objectifs seront fix\u00e9s par le contr\u00f4leur financier et en phase avec les \u00e9ch\u00e9anciers de la comptabilit\u00e9 g\u00e9n\u00e9rale et les besoins internes de la comptabilit\u00e9 analytique de gestion.<\/p>\n<p>Profil<br \/>\n&#8211;\tVous \u00eates titulaire d\u2019un Bachelier en sciences \u00e9conomiques et de gestion ou \u00e9quivalent<br \/>\n&#8211;\tVous justifiez d\u2019une premi\u00e8re exp\u00e9rience (3 ans) en lien avec le poste propos\u00e9 au sein d\u2019une direction comptable et\/ou financi\u00e8re d\u2019une structure de taille \u00e9quivalente<br \/>\n&#8211;\tVous savez \u00e9tablir des \u00e9tats de rapprochement bancaire et r\u00e9aliser des op\u00e9rations de suivi des paiements<br \/>\n&#8211;\tVous savez rechercher des informations, les analyser et les diffuser de fa\u00e7on pertinente<br \/>\n&#8211;\tVous ma\u00eetrisez les outils bureautiques (Suite Office), les logiciels comptables et de traitement de bases de donn\u00e9es<br \/>\n&#8211;\tVos qualit\u00e9s personnelles : app\u00e9tence pour les chiffres ; sens de la rigueur, de l\u2019organisation et des priorit\u00e9s ; aisance relationnelle ; capacit\u00e9 \u00e0 travailler en \u00e9quipe de fa\u00e7on autonome ; capacit\u00e9 \u00e0 prendre des initiatives ; sens de la discr\u00e9tion et de la confidentialit\u00e9 ; capacit\u00e9 d\u2019adaptation aux outils, proc\u00e9dures et m\u00e9thodes de travail<\/p>\n<p>Nous offrons<br \/>\n&#8211;\tUn contrat \u00e0 temps plein (38h\/sem) \u00e0 dur\u00e9e ind\u00e9termin\u00e9e<br \/>\n&#8211;\tUn environnement de travail agr\u00e9able au sein d\u2019une entreprise en pleine croissance<br \/>\n&#8211;\tUn package salarial attractif : prime de fin d\u2019ann\u00e9e, ch\u00e8ques-repas, \u00e9co-ch\u00e8ques, assurance groupe, remboursement des d\u00e9placements domicile\/lieu de travail \u00e0 100% sur base d\u2019un abonnement de transport en commun, abonnement GSM<\/p>\n<p>Int\u00e9ress\u00e9.e ?<br \/>\nVeuillez envoyer votre lettre de motivation accompagn\u00e9e d\u2019un CV d\u00e9taill\u00e9 par mail \u00e0 &#x6a;&#x6f;&#x62;&#x73;&#x40;<span class=\"oe_displaynone\">null<\/span>&#x73;&#x6d;&#x61;&#x72;&#x74;&#x2e;&#x63;&#x6f;&#x6f;&#x70; au plus tard le 03\/07\/2019 en indiquant dans l\u2019objet de votre mail la r\u00e9f\u00e9rence suivante : 190611-GBOA-DAF<\/p>","protected":false},"excerpt":{"rendered":"<p>Smart est l&rsquo;\u00e9manation de travailleurs.ses de tous horizons qui s&rsquo;associent, dans la forme d\u2019une soci\u00e9t\u00e9 coop\u00e9rative \u00e0 finalit\u00e9 sociale dont ils empruntent la personnalit\u00e9 juridique, pour se doter des moyens de d\u00e9velopper en toute autonomie leurs propres activit\u00e9s \u00e9conomiques et &hellip;<\/p>\n","protected":false},"author":60,"featured_media":25545,"comment_status":"closed","ping_status":"closed","sticky":false,"template":"","format":"standard","meta":{"footnotes":""},"categories":[271],"tags":[],"class_list":["post-26796","post","type-post","status-publish","format-standard","has-post-thumbnail","hentry","category-archives-2020-0ffredempl01"],"aioseo_notices":[],"_links":{"self":[{"href":"https:\/\/smartbe.be\/fr\/wp-json\/wp\/v2\/posts\/26796","targetHints":{"allow":["GET"]}}],"collection":[{"href":"https:\/\/smartbe.be\/fr\/wp-json\/wp\/v2\/posts"}],"about":[{"href":"https:\/\/smartbe.be\/fr\/wp-json\/wp\/v2\/types\/post"}],"author":[{"embeddable":true,"href":"https:\/\/smartbe.be\/fr\/wp-json\/wp\/v2\/users\/60"}],"replies":[{"embeddable":true,"href":"https:\/\/smartbe.be\/fr\/wp-json\/wp\/v2\/comments?post=26796"}],"version-history":[{"count":1,"href":"https:\/\/smartbe.be\/fr\/wp-json\/wp\/v2\/posts\/26796\/revisions"}],"predecessor-version":[{"id":26797,"href":"https:\/\/smartbe.be\/fr\/wp-json\/wp\/v2\/posts\/26796\/revisions\/26797"}],"wp:featuredmedia":[{"embeddable":true,"href":"https:\/\/smartbe.be\/fr\/wp-json\/wp\/v2\/media\/25545"}],"wp:attachment":[{"href":"https:\/\/smartbe.be\/fr\/wp-json\/wp\/v2\/media?parent=26796"}],"wp:term":[{"taxonomy":"category","embeddable":true,"href":"https:\/\/smartbe.be\/fr\/wp-json\/wp\/v2\/categories?post=26796"},{"taxonomy":"post_tag","embeddable":true,"href":"https:\/\/smartbe.be\/fr\/wp-json\/wp\/v2\/tags?post=26796"}],"curies":[{"name":"wp","href":"https:\/\/api.w.org\/{rel}","templated":true}]}}