
{"id":26086,"date":"2019-04-01T16:30:05","date_gmt":"2019-04-01T15:30:05","guid":{"rendered":"https:\/\/smartbe.be\/?p=26086\/"},"modified":"2019-04-01T16:42:54","modified_gmt":"2019-04-01T15:42:54","slug":"smart-recherche-1-gestionnaire-administratif-h-f-x-en-cdd-contrat-de-remplacement-poste-base-a-bruxelles","status":"publish","type":"post","link":"https:\/\/smartbe.be\/fr\/news\/smart-recherche-1-gestionnaire-administratif-h-f-x-en-cdd-contrat-de-remplacement-poste-base-a-bruxelles\/","title":{"rendered":"Smart recherche 1 gestionnaire administratif (H\/F\/X) en Contrat de remplacement &#8211; Poste bas\u00e9 \u00e0 Bruxelles"},"content":{"rendered":"<p>Smart est l&rsquo;\u00e9manation de travailleurs\u2219ses de tous horizons qui s&rsquo;associent, dans la forme d\u2019une soci\u00e9t\u00e9 coop\u00e9rative \u00e0 finalit\u00e9 sociale dont ils empruntent la personnalit\u00e9 juridique, pour se doter des moyens de d\u00e9velopper en toute autonomie leurs propres activit\u00e9s \u00e9conomiques et de se procurer des revenus socialis\u00e9s et fiscalis\u00e9s.<\/p>\n<p>Depuis sa cr\u00e9ation en Belgique en 1998, Smart accompagne quelques 100 000 membres dans la gestion administrative de leurs activit\u00e9s professionnelles \u00e0 travers 40 bureaux en Europe, en leur proposant une solution originale pour cr\u00e9er leur emploi salari\u00e9.<\/p>\n<p>www.smart.coop <\/p>\n<p>Organis\u00e9e sous la forme coop\u00e9rative, Smart Belgique souhaite renforcer son \u00e9quipe administrative et recherche 1 gestionnaire administratif (H\/F\/X) dynamique et motiv\u00e9 .<\/p>\n<p><strong>Description du poste<\/strong><br \/>\nSous la responsabilit\u00e9 du Directeur op\u00e9rationnel, vous int\u00e9grez Smart et b\u00e9n\u00e9ficiez d\u00e8s votre arriv\u00e9e d&rsquo;une formation au m\u00e9tier, process internes et outils de la coop\u00e9rative.<br \/>\nAppuy\u00e9.e par une \u00e9quipe ressource et un r\u00e9seau d&rsquo;experts, vous avez en charge la r\u00e9alisation de diff\u00e9rentes missions sur le plan administratif dans le respect des proc\u00e9dures \u00e9tablies.<\/p>\n<p><strong>Vos t\u00e2ches sont les suivantes :<\/strong><br \/>\n-Assurer le classement des documents qui lient Smart et ses membres<br \/>\n-Traiter les donn\u00e9es des nouveaux utilisateurs.rices (membres, clients)<br \/>\n-Assurer le processus de validation d\u2019un contrat Smart via un logiciel de traitement sp\u00e9cifique<br \/>\n-Assurer un bon flux d\u2019information entre Smart et d\u2019autres organismes (assurance, ONSS, mutuelle, syndicats, fournisseurs, \u2026)<br \/>\n-Assurer des actions administratives r\u00e9currentes li\u00e9es aux structures Smart (pr\u00e9compte mobilier, demande attestations officielles, \u2026)<br \/>\n-Assurer le stock, la distribution et les commandes du mat\u00e9riel de bureau mis \u00e0 disposition des travailleur.se.s permanent.e.s<\/p>\n<p><strong>Profil<\/strong><br \/>\n-Ma\u00eetrise du fran\u00e7ais \u00e0 l\u2019oral et \u00e0 l\u2019\u00e9crit ; la connaissance du n\u00e9erlandais est un plus<br \/>\n-Niveau minimum humanit\u00e9 sup\u00e9rieure ou exp\u00e9rience \u00e9quivalente<br \/>\n-Exp\u00e9rience de travail dans une fonction analogue<br \/>\n-Vos qualit\u00e9s personnelles : rigueur, sens aigu de l\u2019\u00e9coute et du contact, ouverture au changement, capacit\u00e9s d\u2019adaptation aux diff\u00e9rentes situations et personnes, capacit\u00e9 de travail au sein d\u2019une \u00e9quipe<br \/>\n-Flexibilit\u00e9 de d\u00e9placement vers d\u2019autres bureaux fran\u00e7ais (au si\u00e8ge social de Lille) et belges.<\/p>\n<p><strong>Nous offrons<\/strong><br \/>\n-Un contrat de remplacement \u00e0 temps plein (38h semaine)<br \/>\n-Un salaire attractif et des avantages extra-l\u00e9gaux : ch\u00e8ques-repas, remboursement des frais de gsm, pension extra-l\u00e9gale<br \/>\n-Un environnement de travail agr\u00e9able au sein d\u2019une entreprise en pleine croissance.<\/p>\n<p><strong>Int\u00e9ress\u00e9.e ?<\/strong><br \/>\nVeuillez envoyer votre lettre de motivation accompagn\u00e9e d\u2019un CV d\u00e9taill\u00e9 par mail \u00e0 &#x6a;&#x6f;&#x62;&#x73;&#x40;<span class=\"oe_displaynone\">null<\/span>&#x73;&#x6d;&#x61;&#x72;&#x74;&#x2e;&#x63;&#x6f;&#x6f;&#x70; avant le 19\/04\/2019 en indiquant dans l\u2019objet de votre mail la r\u00e9f\u00e9rence suivante : 190401-Gest.admin-Bruxelles-DOP<\/p>","protected":false},"excerpt":{"rendered":"<p>Smart est l&rsquo;\u00e9manation de travailleurs\u2219ses de tous horizons qui s&rsquo;associent, dans la forme d\u2019une soci\u00e9t\u00e9 coop\u00e9rative \u00e0 finalit\u00e9 sociale dont ils empruntent la personnalit\u00e9 juridique, pour se doter des moyens de d\u00e9velopper en toute autonomie leurs propres activit\u00e9s \u00e9conomiques et &hellip;<\/p>\n","protected":false},"author":60,"featured_media":25545,"comment_status":"closed","ping_status":"closed","sticky":false,"template":"","format":"standard","meta":{"footnotes":""},"categories":[271],"tags":[],"class_list":["post-26086","post","type-post","status-publish","format-standard","has-post-thumbnail","hentry","category-archives-2020-0ffredempl01"],"aioseo_notices":[],"_links":{"self":[{"href":"https:\/\/smartbe.be\/fr\/wp-json\/wp\/v2\/posts\/26086","targetHints":{"allow":["GET"]}}],"collection":[{"href":"https:\/\/smartbe.be\/fr\/wp-json\/wp\/v2\/posts"}],"about":[{"href":"https:\/\/smartbe.be\/fr\/wp-json\/wp\/v2\/types\/post"}],"author":[{"embeddable":true,"href":"https:\/\/smartbe.be\/fr\/wp-json\/wp\/v2\/users\/60"}],"replies":[{"embeddable":true,"href":"https:\/\/smartbe.be\/fr\/wp-json\/wp\/v2\/comments?post=26086"}],"version-history":[{"count":4,"href":"https:\/\/smartbe.be\/fr\/wp-json\/wp\/v2\/posts\/26086\/revisions"}],"predecessor-version":[{"id":26091,"href":"https:\/\/smartbe.be\/fr\/wp-json\/wp\/v2\/posts\/26086\/revisions\/26091"}],"wp:featuredmedia":[{"embeddable":true,"href":"https:\/\/smartbe.be\/fr\/wp-json\/wp\/v2\/media\/25545"}],"wp:attachment":[{"href":"https:\/\/smartbe.be\/fr\/wp-json\/wp\/v2\/media?parent=26086"}],"wp:term":[{"taxonomy":"category","embeddable":true,"href":"https:\/\/smartbe.be\/fr\/wp-json\/wp\/v2\/categories?post=26086"},{"taxonomy":"post_tag","embeddable":true,"href":"https:\/\/smartbe.be\/fr\/wp-json\/wp\/v2\/tags?post=26086"}],"curies":[{"name":"wp","href":"https:\/\/api.w.org\/{rel}","templated":true}]}}