
{"id":26078,"date":"2019-03-27T15:36:20","date_gmt":"2019-03-27T14:36:20","guid":{"rendered":"https:\/\/smartbe.be\/?p=26078\/"},"modified":"2019-03-27T15:36:20","modified_gmt":"2019-03-27T14:36:20","slug":"smart-recherche-1-charge-de-recrutement-h-f-x-en-cdi-poste-base-a-bruxelles","status":"publish","type":"post","link":"https:\/\/smartbe.be\/fr\/news\/smart-recherche-1-charge-de-recrutement-h-f-x-en-cdi-poste-base-a-bruxelles\/","title":{"rendered":"Smart recherche 1 charg\u00e9 de recrutement (H\/F\/X) en CDI \u2013 Poste bas\u00e9 \u00e0 Bruxelles"},"content":{"rendered":"<p>Smart recherche 1 charg\u00e9 de recrutement (H\/F\/X)<br \/>\nCDI \u2013 Poste bas\u00e9 \u00e0 Bruxelles<\/p>\n<p>Smart est l&rsquo;\u00e9manation de travailleurs.ses de tous horizons qui s&rsquo;associent, dans la forme d\u2019une soci\u00e9t\u00e9 coop\u00e9rative \u00e0 finalit\u00e9 sociale dont ils empruntent la personnalit\u00e9 juridique, pour se doter des moyens de d\u00e9velopper en toute autonomie leurs propres activit\u00e9s \u00e9conomiques et de se procurer des revenus socialis\u00e9s et fiscalis\u00e9s.<\/p>\n<p>Depuis sa cr\u00e9ation en Belgique en 1998, Smart accompagne en Europe quelques 100.000 membres dans la gestion administrative de leurs activit\u00e9s professionnelles \u00e0 travers 40 bureaux, en leur proposant une solution originale pour cr\u00e9er leur emploi salari\u00e9.<\/p>\n<p>Pr\u00e9sentation d\u00e9taill\u00e9e de Smart :<br \/>\nhttps:\/\/www.smart.coop<\/p>\n<p>Organis\u00e9e sous la forme coop\u00e9rative et d\u00e9j\u00e0 forte de plus de 15.000 coop\u00e9rateurs, Smart souhaite d\u00e9velopper les activit\u00e9s de son service ressources humaines \u00e0 Bruxelles et recherche 1 charg\u00e9 de recrutement dynamique et exp\u00e9riment\u00e9.<\/p>\n<p><strong>Description du poste<\/strong><br \/>\nEn qualit\u00e9 de charg\u00e9 de recrutement, vous int\u00e9grez l&rsquo;\u00e9quipe du service ressources humaines, sous la responsabilit\u00e9 du directeur administratif et financier.<br \/>\nEn vue des besoins de recrutement des diff\u00e9rents bureaux de Smart en France et en Belgique, vous avez en charge la r\u00e9alisation des missions suivantes :<\/p>\n<p>&#8211;\tAccompagner les diff\u00e9rentes directions dans la gestion pr\u00e9visionnelle des emplois et des comp\u00e9tences<br \/>\n&#8211;\tR\u00e9diger et publier les offres d\u2019emploi<br \/>\n&#8211;\tD\u00e9velopper une marque employeur<br \/>\n&#8211;\tProspecter, analyser et cr\u00e9er des partenariats avec les \u00e9coles, les acteurs de l\u2019emploi<br \/>\n&#8211;\tR\u00e9ceptionner, trier et convoquer les candidats et cr\u00e9er des r\u00e9serves de recrutement<br \/>\n&#8211;\tMener les entretiens d\u2019embauche en lien avec les diff\u00e9rents services impliqu\u00e9s<br \/>\n&#8211;\tParticiper au plan de formation et d\u2019int\u00e9gration des nouveaux entrants.<\/p>\n<p>Vous vous appuyez et collaborez avec l\u2019ensemble du service ressources humaines.<\/p>\n<p>Le poste est bas\u00e9 \u00e0 Bruxelles et des d\u00e9placements sont \u00e0 pr\u00e9voir, en fonction des besoins, au sein des bureaux de Smart.<\/p>\n<p><strong>Profil<\/strong><br \/>\n&#8211;\tVous disposez d\u2019une exp\u00e9rience de minimum 3 ans dans le recrutement et\/ou dans la gestion du personnel<br \/>\n&#8211;\tVous faites preuve d\u2019une bonne organisation et d\u2019une m\u00e9thode de travail rigoureuse<br \/>\n&#8211;\tVous ma\u00eetrisez les outils d\u2019information et de communication<br \/>\n&#8211;\tVous avez un esprit d\u2019analyse, de synth\u00e8se et d\u2019anticipation<br \/>\n&#8211;\tVous faites preuve d\u2019aisance relationnelle et r\u00e9dactionnelle<br \/>\n&#8211;\tVous \u00eates en capacit\u00e9 de repr\u00e9senter Smart aupr\u00e8s des diff\u00e9rents partenaires<br \/>\n&#8211;\tVous \u00eates capables de travailler tant en \u00e9quipe que de mani\u00e8re autonome.<\/p>\n<p>Une exp\u00e9rience dans le domaine de l\u2019\u00e9conomie sociale et solidaire est un atout.<\/p>\n<p><strong> Nous proposons <\/strong><br \/>\n&#8211;\tUn contrat \u00e0 temps plein (38h semaines) \u00e0 dur\u00e9e ind\u00e9termin\u00e9e.<br \/>\n&#8211;\tUne p\u00e9riode de formation aux process internes et outils de la coop\u00e9rative.<br \/>\n&#8211;\tUn environnement de travail agr\u00e9able au sein d\u2019une entreprise innovante, et en pleine croissance.<br \/>\n&#8211;\tUn package salarial attractif : prime de fin d\u2019ann\u00e9e, ch\u00e8ques-repas, \u00e9co-ch\u00e8ques, assurance groupe, remboursement des d\u00e9placements domicile\/lieu de travail, abonnement GSM<\/p>\n<p><strong>Int\u00e9ress\u00e9.e ?<\/strong><br \/>\nVeuillez envoyer votre lettre de motivation accompagn\u00e9e d\u2019un CV d\u00e9taill\u00e9 par mail \u00e0 &#x6a;&#x6f;&#x62;&#x73;&#x40;<span class=\"oe_displaynone\">null<\/span>&#x73;&#x6d;&#x61;&#x72;&#x74;&#x2e;&#x63;&#x6f;&#x6f;&#x70; avant le 19\/04\/2019 en indiquant dans l\u2019objet de votre mail la r\u00e9f\u00e9rence suivante : 190327-CRE-Bruxelles-DAF.<\/p>","protected":false},"excerpt":{"rendered":"<p>Smart recherche 1 charg\u00e9 de recrutement (H\/F\/X) CDI \u2013 Poste bas\u00e9 \u00e0 Bruxelles Smart est l&rsquo;\u00e9manation de travailleurs.ses de tous horizons qui s&rsquo;associent, dans la forme d\u2019une soci\u00e9t\u00e9 coop\u00e9rative \u00e0 finalit\u00e9 sociale dont ils empruntent la personnalit\u00e9 juridique, pour se &hellip;<\/p>\n","protected":false},"author":60,"featured_media":25545,"comment_status":"closed","ping_status":"closed","sticky":false,"template":"","format":"standard","meta":{"footnotes":""},"categories":[271],"tags":[],"class_list":["post-26078","post","type-post","status-publish","format-standard","has-post-thumbnail","hentry","category-archives-2020-0ffredempl01"],"aioseo_notices":[],"_links":{"self":[{"href":"https:\/\/smartbe.be\/fr\/wp-json\/wp\/v2\/posts\/26078","targetHints":{"allow":["GET"]}}],"collection":[{"href":"https:\/\/smartbe.be\/fr\/wp-json\/wp\/v2\/posts"}],"about":[{"href":"https:\/\/smartbe.be\/fr\/wp-json\/wp\/v2\/types\/post"}],"author":[{"embeddable":true,"href":"https:\/\/smartbe.be\/fr\/wp-json\/wp\/v2\/users\/60"}],"replies":[{"embeddable":true,"href":"https:\/\/smartbe.be\/fr\/wp-json\/wp\/v2\/comments?post=26078"}],"version-history":[{"count":1,"href":"https:\/\/smartbe.be\/fr\/wp-json\/wp\/v2\/posts\/26078\/revisions"}],"predecessor-version":[{"id":26080,"href":"https:\/\/smartbe.be\/fr\/wp-json\/wp\/v2\/posts\/26078\/revisions\/26080"}],"wp:featuredmedia":[{"embeddable":true,"href":"https:\/\/smartbe.be\/fr\/wp-json\/wp\/v2\/media\/25545"}],"wp:attachment":[{"href":"https:\/\/smartbe.be\/fr\/wp-json\/wp\/v2\/media?parent=26078"}],"wp:term":[{"taxonomy":"category","embeddable":true,"href":"https:\/\/smartbe.be\/fr\/wp-json\/wp\/v2\/categories?post=26078"},{"taxonomy":"post_tag","embeddable":true,"href":"https:\/\/smartbe.be\/fr\/wp-json\/wp\/v2\/tags?post=26078"}],"curies":[{"name":"wp","href":"https:\/\/api.w.org\/{rel}","templated":true}]}}