
{"id":25872,"date":"2019-03-22T10:34:43","date_gmt":"2019-03-22T09:34:43","guid":{"rendered":"https:\/\/smartbe.be\/?p=25872\/"},"modified":"2019-03-22T16:27:34","modified_gmt":"2019-03-22T15:27:34","slug":"24-04-mons-travailleur-de-demain-comment-allier-protection-sociale-et-entreprenariat","status":"publish","type":"post","link":"https:\/\/smartbe.be\/fr\/news\/24-04-mons-travailleur-de-demain-comment-allier-protection-sociale-et-entreprenariat\/","title":{"rendered":"24\/04 &#8211; MONS &#8211; Travailleur de demain : Imaginer le salariat en dehors de la subordination"},"content":{"rendered":"<p>La s\u00e9curit\u00e9 sociale a \u00e9t\u00e9 construite autour d\u2019une id\u00e9e simple et puissante : chaque travailleur doit \u00eatre assur\u00e9 de vivre dignement face aux al\u00e9as de la vie. Dans les dispositifs juridiques dont nous h\u00e9ritons, le renoncement du travailleur salari\u00e9 \u00e0 son autonomie justifie et conditionne le syst\u00e8me de protections dont il b\u00e9n\u00e9ficie.<\/p>\n<p>Smart et d\u2019autres questionnent ce compromis : comment r\u00e9pondre, aujourd\u2019hui, \u00e0 cette volont\u00e9 d\u2019autonomie sans mettre en p\u00e9ril nos conditions mat\u00e9rielles d\u2019existence et en renfor\u00e7ant nos liens de solidarit\u00e9 ?<\/p>\n<p>Cette question se pose tous les travailleurs qui, quel que soit leur statut d\u2019emploi, sont confront\u00e9s \u00e0 la flexibilit\u00e9 et \u00e0 l\u2019ins\u00e9curit\u00e9 \u00e9conomique.<\/p>\n<h2><\/h2>\n<h2>Intervenants:<\/h2>\n<p>Cette question sera abord\u00e9e par diff\u00e9rents <strong>sp\u00e9cialistes<\/strong>:<\/p>\n<ul>\n<li><strong>Suzanne CAPIAU<\/strong>, avocate, ma\u00eetre de conf\u00e9rence \u00e0 l&rsquo;ULB, charg\u00e9e de cours \u00e0 l\u2019Universit\u00e9 de Lorraine, expert aupr\u00e8s de la Commission europ\u00e9enne, sp\u00e9cialiste du statut social.<\/li>\n<li><strong>Sandrino GRACEFFA<\/strong>, administrateur d\u00e9l\u00e9gu\u00e9 de la coop\u00e9rative Smart, auteur du livre \u00ab Refaire le monde du travail \u2013 une alternative \u00e0 l\u2019ub\u00e9risation de l\u2019\u00e9conomie \u00bb aux \u00e9ditions Repas (2016)<\/li>\n<li><strong>Felipe VAN KEIRSBILCK<\/strong>, Secr\u00e9taire G\u00e9n\u00e9ral de la CNE (CSC)<\/li>\n<\/ul>\n<p>&nbsp;<\/p>\n<p>Vu la proximit\u00e9 du d\u00e9bat avec les prochaines \u00e9lections, ainsi que leur ancrage sur le territoire, des personnalit\u00e9s r\u00e9gionales seront invit\u00e9es :<br \/>\n<strong>Manu DI SABATO<\/strong>(Ecolo),\u00a0<strong>Jo\u00eblle KAPOMPOL\u00c9\u00a0<\/strong>(PS),\u00a0<strong>Georges-Louis BOUCHEZ<\/strong>\u00a0(MR),\u00a0<strong>Catherine FONCK\u00a0<\/strong>(CDH) et\u00a0<strong>Marco VAN HEES<\/strong>\u00a0(PTB)<\/p>\n<h2>Mod\u00e9ration :<\/h2>\n<p><strong>Gil DEPRETER<\/strong>, coordinateur du club Mons 2025, partenaire de l\u2019\u00e9v\u00e9nement.<\/p>\n<h2><\/h2>\n<h2>Horaire de la soir\u00e9e :<\/h2>\n<p>o <strong>18h<\/strong> : accueil\u00a0par Gil Depreter<\/p>\n<p>o <strong>18h30 \u2013 20h30<\/strong> : d\u00e9bat<\/p>\n<ul>\n<li>Rappel historique des fondements de la s\u00e9curit\u00e9 sociale<\/li>\n<li>Raisons qui ont incit\u00e9 \u00e0 la mise en place des principes du droits du travail (loi 1978)<\/li>\n<li>Cartographie du monde du travail actuel et des nouveaux modes d\u2019organisation<\/li>\n<li>Rattacher la protection sociale \u00e0 la personne plut\u00f4t qu\u2019\u00e0 l\u2019organisation de leur travail<\/li>\n<li>Opinion des syndicats sur ces nouveaux modes d\u2019organisation<\/li>\n<li>Modes de repr\u00e9sentation \u00e0 mettre en place pour ces travailleurs<\/li>\n<\/ul>\n<p>o <strong>20h30 \u2013 22h<\/strong> : drink politique avec \u00e0 l&rsquo;appui les questions travaill\u00e9es par les \u00e9tudiants de Marc LABIE, Premier vice-recteur de l\u2019UMONS et enseignant un ensemble de cours relatifs au management et \u00e0 l&rsquo;analyse des organisations<\/p>\n<h2>Quand?<\/h2>\n<p>24 avril 2019<\/p>\n<p>18:00-&gt;22:00<\/p>\n<h2>O\u00f9?<\/h2>\n<p>Au <a href=\"http:\/\/www.mundaneum.org\/\">Mundaneum<\/a> : rue de Nimy, 76 \u2013 7000 Mons<\/p>\n<p><iframe loading=\"lazy\" style=\"border: 0;\" src=\"https:\/\/www.google.com\/maps\/embed?pb=!1m18!1m12!1m3!1d2540.111181896951!2d3.9533048157316544!3d50.45765427947637!2m3!1f0!2f0!3f0!3m2!1i1024!2i768!4f13.1!3m3!1m2!1s0x47c24fe2b9848da5%3A0xcf3e01ed59210b49!2sMundaneum!5e0!3m2!1sfr!2sbe!4v1553247263810\" width=\"400\" height=\"300\" frameborder=\"0\" allowfullscreen=\"allowfullscreen\"><\/iframe><\/p>\n<p><a href=\"https:\/\/letravailleurdedemain.eventbrite.fr\"><img loading=\"lazy\" decoding=\"async\" class=\"aligncenter size-full wp-image-25966\" src=\"https:\/\/smartbe.be\/wp-content\/uploads\/2019\/03\/inscription-48-e1552663508475.png\" alt=\"\" width=\"140\" height=\"49\" \/><\/a><\/p>\n<p>&nbsp;<\/p>\n<p>&nbsp;<\/p>","protected":false},"excerpt":{"rendered":"<p>La s\u00e9curit\u00e9 sociale a \u00e9t\u00e9 construite autour d\u2019une id\u00e9e simple et puissante : chaque travailleur doit \u00eatre assur\u00e9 de vivre dignement face aux al\u00e9as de la vie. Dans les dispositifs juridiques dont nous h\u00e9ritons, le renoncement du travailleur salari\u00e9 \u00e0 &hellip;<\/p>\n","protected":false},"author":56,"featured_media":26040,"comment_status":"closed","ping_status":"closed","sticky":false,"template":"","format":"standard","meta":{"footnotes":""},"categories":[25,24],"tags":[],"class_list":["post-25872","post","type-post","status-publish","format-standard","has-post-thumbnail","hentry","category-debats","category-evenements"],"aioseo_notices":[],"_links":{"self":[{"href":"https:\/\/smartbe.be\/fr\/wp-json\/wp\/v2\/posts\/25872","targetHints":{"allow":["GET"]}}],"collection":[{"href":"https:\/\/smartbe.be\/fr\/wp-json\/wp\/v2\/posts"}],"about":[{"href":"https:\/\/smartbe.be\/fr\/wp-json\/wp\/v2\/types\/post"}],"author":[{"embeddable":true,"href":"https:\/\/smartbe.be\/fr\/wp-json\/wp\/v2\/users\/56"}],"replies":[{"embeddable":true,"href":"https:\/\/smartbe.be\/fr\/wp-json\/wp\/v2\/comments?post=25872"}],"version-history":[{"count":17,"href":"https:\/\/smartbe.be\/fr\/wp-json\/wp\/v2\/posts\/25872\/revisions"}],"predecessor-version":[{"id":26042,"href":"https:\/\/smartbe.be\/fr\/wp-json\/wp\/v2\/posts\/25872\/revisions\/26042"}],"wp:featuredmedia":[{"embeddable":true,"href":"https:\/\/smartbe.be\/fr\/wp-json\/wp\/v2\/media\/26040"}],"wp:attachment":[{"href":"https:\/\/smartbe.be\/fr\/wp-json\/wp\/v2\/media?parent=25872"}],"wp:term":[{"taxonomy":"category","embeddable":true,"href":"https:\/\/smartbe.be\/fr\/wp-json\/wp\/v2\/categories?post=25872"},{"taxonomy":"post_tag","embeddable":true,"href":"https:\/\/smartbe.be\/fr\/wp-json\/wp\/v2\/tags?post=25872"}],"curies":[{"name":"wp","href":"https:\/\/api.w.org\/{rel}","templated":true}]}}