
{"id":25815,"date":"2019-02-25T16:08:41","date_gmt":"2019-02-25T15:08:41","guid":{"rendered":"https:\/\/smartbe.be\/?p=25815\/"},"modified":"2019-03-01T13:04:19","modified_gmt":"2019-03-01T12:04:19","slug":"22-03-31-03-expo-photos-womenwork-vernissage-meetup-et-debat","status":"publish","type":"post","link":"https:\/\/smartbe.be\/fr\/news\/22-03-31-03-expo-photos-womenwork-vernissage-meetup-et-debat\/","title":{"rendered":"22\/03->31\/03 &#8211; Expo photos \u00ab\u00a0Women@work\u00a0\u00bb : vernissage, meetup et d\u00e9bat"},"content":{"rendered":"<p>Les guerres 14-18 et 40-45 ont marqu\u00e9 une nouvelle \u00e8re pour la femme au travail. Une fois les hommes partis au front, les femmes ont d\u00fb les remplacer dans des m\u00e9tiers qu\u2019elles n\u2019avaient pas l\u2019habitude d\u2019occuper pour se cr\u00e9er petit \u00e0 petit une place dans le monde du travail.<\/p>\n<p>Aujourd\u2019hui, les femmes sont actives et ind\u00e9pendantes.<\/p>\n<p>Quelle place occupent-elles ?<\/p>\n<p>Le sujet sera d\u00e9clin\u00e9 en diff\u00e9rents \u00e9v\u00e9nements et ateliers autour de l\u2019exposition du 22 au 31 mars.<\/p>\n<p>La coop\u00e9rative Smart rassemble plus de 2000 photographes. Apr\u00e8s un appel, six photographes ont \u00e9t\u00e9 s\u00e9lectionn\u00e9s pour la pertinence de leur travail en lien avec le th\u00e8me.<\/p>\n<p>Ils nous invitent \u00e0 d\u00e9couvrir sous leur regard singulier des environnements de travail tant\u00f4t familiers, tant\u00f4t m\u00e9connus\u2026<\/p>\n<p><strong>Beata Szparagowska<\/strong> propose des portraits insolites et d\u00e9cal\u00e9s de femmes mises en sc\u00e8ne dans des bureaux.\u00a0Quant \u00e0 <strong>Laurent G\u00e9lise<\/strong>, il nous plonge dans la vie administrative du CPAS.\u00a0<strong>J\u00e9r\u00f4me Hubert<\/strong>, met en lumi\u00e8re l&rsquo;univers des commer\u00e7antes polonaises \u00e0 Bruxelles.\u00a0<strong>Tiffany Masson<\/strong> nous d\u00e9voile la vie de femmes b\u00e9ninoises dans leur microentreprise.\u00a0<strong>Philippe Leduc<\/strong> se penche sur les entrepreneures au Mexique.\u00a0Enfin, <strong>Aurore Martignoni<\/strong> apporte une vision sociologique avec sa s\u00e9rie de \u00abWorking Girls\u00bb en questionnant le genre au travail.<\/p>\n<p>&nbsp;<\/p>\n<h2>3 rendez-vous:<\/h2>\n<p><strong>* 21\/03 &#8211; 18:00<\/strong><\/p>\n<p><strong>Vernissage <\/strong>avec la performance multidisciplinaire par le<strong> Collectif UBIKgroup<\/strong> qui interroge le monde du travail.<\/p>\n<p>&nbsp;<\/p>\n<p><strong>* 26\/03 &#8211; 18:00\u00a0<\/strong><\/p>\n<p><strong>Meetup<\/strong><\/p>\n<p>\u00ab <span lang=\"NL-BE\">Photographe professionnel, quelle place dans le monde du selfie?<\/span><span lang=\"NL-BE\">\u00a0<\/span>\u00a0\u00bb<\/p>\n<p>Networking &amp; \u00e9changes de pratiques autour des droits d&rsquo;auteur, du d\u00e9veloppement de son r\u00e9seau professionnel et de se faire reconna\u00eetre.<\/p>\n<p><a href=\"https:\/\/www.eventbrite.be\/e\/inscription-meetup-photographe-professionnel-quelle-place-dans-le-monde-du-selfie-57008080704?utm_term=eventname_text\">S\u2019inscrire<\/a><\/p>\n<p>&nbsp;<\/p>\n<p><strong>* 28\/03 &#8211; 18:00<\/strong><\/p>\n<p><strong>D\u00e9bat<\/strong><\/p>\n<p>\u00ab Quelle utilit\u00e9 de cr\u00e9er des r\u00e9seaux professionnels pour les femmes ? \u00bb avec la participation de :<\/p>\n<ul>\n<li>Karin Toussaint (FAR)<\/li>\n<li>Blandine Barthelemy (Credal)<\/li>\n<li>Victoria Cannilla (1819)<\/li>\n<\/ul>\n<p>Propos\u00e9 par Femmes Actives en R\u00e9seau et Smart<\/p>\n<p><a href=\"https:\/\/www.eventbrite.be\/e\/inscription-debat-et-drink-reseaux-feminins-utilite-enjeux-et-perspectives-57095708802?utm_campaign=new_event_email&amp;utm_medium=email&amp;utm_source=eb_email&amp;utm_term=viewmyevent_button\">S\u2019inscrire<\/a><\/p>\n<p>&nbsp;<\/p>\n<h2><strong>En pratique<\/strong><\/h2>\n<p><strong>Quand? <\/strong><\/p>\n<p>Du 22\/03 &gt;31\/03<\/p>\n<p>Lun &gt; Ven 9:00&gt;16:00<\/p>\n<p>Sam &amp; Dim 14:00 &gt;18:00<\/p>\n<p><strong>O\u00f9?<\/strong><\/p>\n<p>La Maison des Cultures de Saint-Gilles &#8211; Rue de Belgrade 120 \u2013 1060 Bruxelles<\/p>\n<p>&nbsp;<\/p>\n<p><em>Un \u00e9v\u00e9nement propos\u00e9 par Smart et la Maison des Cultures de Saint-Gilles en collaboration avec FAR, 1819, Credal et la Cocof<\/em><\/p>","protected":false},"excerpt":{"rendered":"<p>Les guerres 14-18 et 40-45 ont marqu\u00e9 une nouvelle \u00e8re pour la femme au travail. Une fois les hommes partis au front, les femmes ont d\u00fb les remplacer dans des m\u00e9tiers qu\u2019elles n\u2019avaient pas l\u2019habitude d\u2019occuper pour se cr\u00e9er petit &hellip;<\/p>\n","protected":false},"author":56,"featured_media":25863,"comment_status":"closed","ping_status":"closed","sticky":false,"template":"","format":"standard","meta":{"footnotes":""},"categories":[151,25,24],"tags":[],"class_list":["post-25815","post","type-post","status-publish","format-standard","has-post-thumbnail","hentry","category-info","category-debats","category-evenements"],"aioseo_notices":[],"_links":{"self":[{"href":"https:\/\/smartbe.be\/fr\/wp-json\/wp\/v2\/posts\/25815","targetHints":{"allow":["GET"]}}],"collection":[{"href":"https:\/\/smartbe.be\/fr\/wp-json\/wp\/v2\/posts"}],"about":[{"href":"https:\/\/smartbe.be\/fr\/wp-json\/wp\/v2\/types\/post"}],"author":[{"embeddable":true,"href":"https:\/\/smartbe.be\/fr\/wp-json\/wp\/v2\/users\/56"}],"replies":[{"embeddable":true,"href":"https:\/\/smartbe.be\/fr\/wp-json\/wp\/v2\/comments?post=25815"}],"version-history":[{"count":10,"href":"https:\/\/smartbe.be\/fr\/wp-json\/wp\/v2\/posts\/25815\/revisions"}],"predecessor-version":[{"id":25887,"href":"https:\/\/smartbe.be\/fr\/wp-json\/wp\/v2\/posts\/25815\/revisions\/25887"}],"wp:featuredmedia":[{"embeddable":true,"href":"https:\/\/smartbe.be\/fr\/wp-json\/wp\/v2\/media\/25863"}],"wp:attachment":[{"href":"https:\/\/smartbe.be\/fr\/wp-json\/wp\/v2\/media?parent=25815"}],"wp:term":[{"taxonomy":"category","embeddable":true,"href":"https:\/\/smartbe.be\/fr\/wp-json\/wp\/v2\/categories?post=25815"},{"taxonomy":"post_tag","embeddable":true,"href":"https:\/\/smartbe.be\/fr\/wp-json\/wp\/v2\/tags?post=25815"}],"curies":[{"name":"wp","href":"https:\/\/api.w.org\/{rel}","templated":true}]}}