
{"id":24774,"date":"2018-10-11T14:43:28","date_gmt":"2018-10-11T13:43:28","guid":{"rendered":"https:\/\/smartbe.be\/?p=24774\/"},"modified":"2019-02-12T16:28:08","modified_gmt":"2019-02-12T15:28:08","slug":"du-18-au-27-10-festival-des-libertes","status":"publish","type":"post","link":"https:\/\/smartbe.be\/fr\/news\/du-18-au-27-10-festival-des-libertes\/","title":{"rendered":"Bruxelles, 27\/10 &#8211; Proclamation au Festival des Libert\u00e9s du Prix Smart"},"content":{"rendered":"<p>Depuis plusieurs ann\u00e9es, nous sommes partenaire du Festival des Libert\u00e9s.\u00a0Nous participons \u00e0 l&rsquo;\u00e9v\u00e9nement en remettant le Prix\u00a0Smart\u00a0au meilleur documentaire de la <a href=\"http:\/\/www.festivaldeslibertes.be\/2018\/fase6?event=18076&amp;___FILMS-JURIES__#18076\">Comp\u00e9tition Internationale de Documentaires<\/a>.<\/p>\n<p>Notre jury s\u2019est rencontr\u00e9 le jeudi 11\/10 pour\u00a0choisir le documentaire auquel il discernera son Prix.<\/p>\n<p>La proclamation des laur\u00e9ats a eu lieu samedi 27 octobre. Marie Vitoux, membre du jury Smart 2018, \u00e9tait au\u00a0<a class=\"profileLink\" href=\"https:\/\/www.facebook.com\/pages\/Th%C3%A9%C3%A2tre-National\/362217043829788?__tn__=K-R&amp;eid=ARCo-ZtbUjEB_nNITB3fHgAdo1lOTF65YHoc1sHkD3bbkgaN0w_G0WEF1UOOURTq8-j61jqDwnbWIIsv&amp;fref=mentions&amp;__xts__%5B0%5D=68.ARDSTv73ZCuof7dmLk2ppc_Xzv_fyEOJGzDPMo6jNEUeMip445thnw1C-ym4xCvgYuMy-rX0o7IxPPbvQdWu6uE8aVtS6xaSzXOD2i4adn-Qsi06gHyouiLWZMpWnbZXKpQqXLtJLnoUH43AUtoyIDUw9CV3taYWN9XaVCXwmWcG3ySfax1s0y8nc0MubY8WhWzK5cvgLXlDYrcCHMk_-TiT_l4\" data-hovercard=\"\/ajax\/hovercard\/page.php?id=362217043829788&amp;extragetparams=%7B%22__tn__%22%3A%22%2CdK-R-R%22%2C%22eid%22%3A%22ARCo-ZtbUjEB_nNITB3fHgAdo1lOTF65YHoc1sHkD3bbkgaN0w_G0WEF1UOOURTq8-j61jqDwnbWIIsv%22%2C%22fref%22%3A%22mentions%22%7D\" data-hovercard-prefer-more-content-show=\"1\">Th\u00e9\u00e2tre-National<\/a>\u00a0pour remettre le prix Smart.<\/p>\n<div class=\"text_exposed_show\">\n<p>Le jury a \u00e9t\u00e9 particuli\u00e8rement touch\u00e9 par\u00a0<a class=\"profileLink\" href=\"https:\/\/www.facebook.com\/filmchristmasisland\/?__tn__=K-R&amp;eid=ARDX1dRRCC6APVPIv1MB6eTXSl3DQ_yMhSFA7G0E61uCLbn8vb2Qdo0IpkPJwcV2UtCocSDRR9r2VIga&amp;fref=mentions&amp;__xts__%5B0%5D=68.ARDSTv73ZCuof7dmLk2ppc_Xzv_fyEOJGzDPMo6jNEUeMip445thnw1C-ym4xCvgYuMy-rX0o7IxPPbvQdWu6uE8aVtS6xaSzXOD2i4adn-Qsi06gHyouiLWZMpWnbZXKpQqXLtJLnoUH43AUtoyIDUw9CV3taYWN9XaVCXwmWcG3ySfax1s0y8nc0MubY8WhWzK5cvgLXlDYrcCHMk_-TiT_l4\" data-hovercard=\"\/ajax\/hovercard\/page.php?id=1902774556625747&amp;extragetparams=%7B%22__tn__%22%3A%22%2CdK-R-R%22%2C%22eid%22%3A%22ARDX1dRRCC6APVPIv1MB6eTXSl3DQ_yMhSFA7G0E61uCLbn8vb2Qdo0IpkPJwcV2UtCocSDRR9r2VIga%22%2C%22fref%22%3A%22mentions%22%7D\" data-hovercard-prefer-more-content-show=\"1\">Island of the Hungry Ghosts<\/a>\u00a0 r\u00e9alis\u00e9 par Gabrielle Brady. Nous nous joignons au jury pour la f\u00e9liciter<br \/>\npour son superbe documentaire.<\/p>\n<p>Island of the hungry ghosts, Gabrielle Brady \u2022 Allemagne, Royaume-Uni, Australie, \u00c9tats-Unis\u2022 2018 \u2022 94\u2019<\/p>\n<\/div>\n<p>&nbsp;<\/p>","protected":false},"excerpt":{"rendered":"<p>Depuis plusieurs ann\u00e9es, nous sommes partenaire du Festival des Libert\u00e9s.\u00a0Nous participons \u00e0 l&rsquo;\u00e9v\u00e9nement en remettant le Prix\u00a0Smart\u00a0au meilleur documentaire de la Comp\u00e9tition Internationale de Documentaires. Notre jury s\u2019est rencontr\u00e9 le jeudi 11\/10 pour\u00a0choisir le documentaire auquel il discernera son Prix. &hellip;<\/p>\n","protected":false},"author":56,"featured_media":24982,"comment_status":"closed","ping_status":"closed","sticky":false,"template":"","format":"standard","meta":{"footnotes":""},"categories":[24],"tags":[],"class_list":["post-24774","post","type-post","status-publish","format-standard","has-post-thumbnail","hentry","category-evenements"],"aioseo_notices":[],"_links":{"self":[{"href":"https:\/\/smartbe.be\/fr\/wp-json\/wp\/v2\/posts\/24774","targetHints":{"allow":["GET"]}}],"collection":[{"href":"https:\/\/smartbe.be\/fr\/wp-json\/wp\/v2\/posts"}],"about":[{"href":"https:\/\/smartbe.be\/fr\/wp-json\/wp\/v2\/types\/post"}],"author":[{"embeddable":true,"href":"https:\/\/smartbe.be\/fr\/wp-json\/wp\/v2\/users\/56"}],"replies":[{"embeddable":true,"href":"https:\/\/smartbe.be\/fr\/wp-json\/wp\/v2\/comments?post=24774"}],"version-history":[{"count":11,"href":"https:\/\/smartbe.be\/fr\/wp-json\/wp\/v2\/posts\/24774\/revisions"}],"predecessor-version":[{"id":25715,"href":"https:\/\/smartbe.be\/fr\/wp-json\/wp\/v2\/posts\/24774\/revisions\/25715"}],"wp:featuredmedia":[{"embeddable":true,"href":"https:\/\/smartbe.be\/fr\/wp-json\/wp\/v2\/media\/24982"}],"wp:attachment":[{"href":"https:\/\/smartbe.be\/fr\/wp-json\/wp\/v2\/media?parent=24774"}],"wp:term":[{"taxonomy":"category","embeddable":true,"href":"https:\/\/smartbe.be\/fr\/wp-json\/wp\/v2\/categories?post=24774"},{"taxonomy":"post_tag","embeddable":true,"href":"https:\/\/smartbe.be\/fr\/wp-json\/wp\/v2\/tags?post=24774"}],"curies":[{"name":"wp","href":"https:\/\/api.w.org\/{rel}","templated":true}]}}