
{"id":24745,"date":"2018-10-10T13:18:03","date_gmt":"2018-10-10T12:18:03","guid":{"rendered":"https:\/\/smartbe.be\/?p=24745\/"},"modified":"2018-10-24T16:15:22","modified_gmt":"2018-10-24T15:15:22","slug":"du-12-au-21-10-european-freelancers-week","status":"publish","type":"post","link":"https:\/\/smartbe.be\/fr\/news\/du-12-au-21-10-european-freelancers-week\/","title":{"rendered":"Du 12 au 21\/10 &#8211; European Freelancers week"},"content":{"rendered":"<div class=\"article clearfix\">\n<p>La 3<sup>e<\/sup> \u00e9dition de la <em>European Freelancers Week <\/em>se tient du 12 au 21 octobre dans toute l&rsquo;Europe!<\/p>\n<p>Dix jours d\u2019ateliers, de s\u00e9minaires, de rencontres, d\u2019\u00e9v\u00e9nements organis\u00e9s par et pour les freelances. But de la Semaine: faire en sorte que les travailleurs freelances se connectent, apprennent les uns des autres, se fassent conna\u00eetre, s\u2019enthousiasment et fassent corps.<\/p>\n<p>SMart, partenaire de la campagne, organise des \u00e9v\u00e9nements \u00e0 <a href=\"https:\/\/european-freelancers-week-stockholm.confetti.events\/\">Stockholm<\/a>, <a href=\"https:\/\/smart-it.org\/blog\/works-in-progress\">Milan<\/a>, <a href=\"https:\/\/freelancersweek.org\/events\/soft-landings-hard-facts-work-the-globe-solutions-for-freelancers-in-austria-the-eu-and-world-wide\/\">Vienne<\/a>, <a href=\"https:\/\/freelancersweek.org\/events\/creative-mornings-efw-special-event\/\">Budapest<\/a>, <a href=\"https:\/\/freelancersweek.org\/events\/freelancers-and-social-rights-in-europe-research-actions-and-perspectives-by-smart\/\">Paris<\/a>\u2026<\/p>\n<p><strong>Et plus pr\u00e8s de chez nous, \u00e0 Bruxelles<\/strong><\/p>\n<p><strong>Venez rencontrer, \u00e9changer avec d&rsquo;autres travailleurs freelances le 20 octobre autour d&rsquo;un <a href=\"https:\/\/www.facebook.com\/events\/1944128899225758\/\">ap\u00e9ro<\/a><\/strong>\u00a0\u00e0 LaVall\u00e9e, notre espace de travail partag\u00e9 \u00e0 Bruxelles.<\/p>\n<p><a href=\"https:\/\/freelancersweek.org\/events\/freelancers-meetup-in-the-frame-of-the-spray-can-art-event\/\">Plus d&rsquo;infos<\/a><\/p>\n<\/div>\n<p><strong>Participez l&rsquo;\u00e9v\u00e9nement de lancement online, le 12 octobre<\/strong><\/p>\n<p>Self-Organising the Self-Employed.\u00a0How collaboration gives Superpower to Freelancers<\/p>\n<p>Avec l\u2019intervention de Sarah de Heusch, Charg\u00e9e de projets chez Smart au sein du D\u00e9partement d\u00e9veloppement et Strat\u00e9gie.<\/p>\n<p><a href=\"https:\/\/www.facebook.com\/events\/419114978581419\/\">Plus d&rsquo;infos<\/a><\/p>\n<p>\u00c0 lire aussi, l&rsquo;analyse de\u00a0 Sarah de Heusch\u00a0<strong><a href=\"https:\/\/freelancersweek.org\/working-together-but-not-with-anybody\/\">\u00ab\u00a0Working Together, But Not With Anybody\u00a0\u00bb\u00a0<\/a><\/strong> publi\u00e9e pour l&rsquo;occasion.<\/p>\n<p>&nbsp;<\/p>\n<blockquote><p>Freelancers have always been pushed to compete rather than cooperate. However, a new generation of freelancers is shifting to make cooperation the basis of their business model. Value-driven networks for freelancers (and their supporting organizations) striving for solidarity and autonomy should be Europe-wide.<\/p><\/blockquote>\n<hr class=\"page-divider\" \/>\n<p>La <em>European Freelancers Week<\/em>\u00a0 est coordonn\u00e9e par une coalition d\u2019organisations nationales de freeelances dans 11 pays europ\u00e9ens. En 2017, plus de 100 \u00e9v\u00e9nements ont eu lieu dans 26 pays. Smart est l\u2019un des partenaires principaux de la Semaine.\u00a0#EFWeek<\/p>\n<div class=\"article clearfix\">\n<p><strong>Plus d&rsquo;infos sur la campagne et l&rsquo;ensemble des \u00e9v\u00e9nements:\u00a0<\/strong><a href=\"https:\/\/freelancersweek.org\/\">European Freelancers Week<\/a><\/p>\n<\/div>","protected":false},"excerpt":{"rendered":"<p>La 3e \u00e9dition de la European Freelancers Week se tient du 12 au 21 octobre dans toute l&rsquo;Europe! Dix jours d\u2019ateliers, de s\u00e9minaires, de rencontres, d\u2019\u00e9v\u00e9nements organis\u00e9s par et pour les freelances. But de la Semaine: faire en sorte que &hellip;<\/p>\n","protected":false},"author":56,"featured_media":24750,"comment_status":"closed","ping_status":"closed","sticky":false,"template":"","format":"standard","meta":{"footnotes":""},"categories":[24],"tags":[],"class_list":["post-24745","post","type-post","status-publish","format-standard","has-post-thumbnail","hentry","category-evenements"],"aioseo_notices":[],"_links":{"self":[{"href":"https:\/\/smartbe.be\/fr\/wp-json\/wp\/v2\/posts\/24745","targetHints":{"allow":["GET"]}}],"collection":[{"href":"https:\/\/smartbe.be\/fr\/wp-json\/wp\/v2\/posts"}],"about":[{"href":"https:\/\/smartbe.be\/fr\/wp-json\/wp\/v2\/types\/post"}],"author":[{"embeddable":true,"href":"https:\/\/smartbe.be\/fr\/wp-json\/wp\/v2\/users\/56"}],"replies":[{"embeddable":true,"href":"https:\/\/smartbe.be\/fr\/wp-json\/wp\/v2\/comments?post=24745"}],"version-history":[{"count":26,"href":"https:\/\/smartbe.be\/fr\/wp-json\/wp\/v2\/posts\/24745\/revisions"}],"predecessor-version":[{"id":24797,"href":"https:\/\/smartbe.be\/fr\/wp-json\/wp\/v2\/posts\/24745\/revisions\/24797"}],"wp:featuredmedia":[{"embeddable":true,"href":"https:\/\/smartbe.be\/fr\/wp-json\/wp\/v2\/media\/24750"}],"wp:attachment":[{"href":"https:\/\/smartbe.be\/fr\/wp-json\/wp\/v2\/media?parent=24745"}],"wp:term":[{"taxonomy":"category","embeddable":true,"href":"https:\/\/smartbe.be\/fr\/wp-json\/wp\/v2\/categories?post=24745"},{"taxonomy":"post_tag","embeddable":true,"href":"https:\/\/smartbe.be\/fr\/wp-json\/wp\/v2\/tags?post=24745"}],"curies":[{"name":"wp","href":"https:\/\/api.w.org\/{rel}","templated":true}]}}