
{"id":24648,"date":"2018-09-26T15:19:47","date_gmt":"2018-09-26T14:19:47","guid":{"rendered":"https:\/\/smartbe.be\/?p=24648\/"},"modified":"2018-10-24T16:15:03","modified_gmt":"2018-10-24T15:15:03","slug":"18-oct-let-it-coop-smart-brussel","status":"publish","type":"post","link":"https:\/\/smartbe.be\/fr\/news\/18-oct-let-it-coop-smart-brussel\/","title":{"rendered":"18\/10 &#8211; Let it Coop &#8211; Colloque"},"content":{"rendered":"<p>L\u2019Union des SCOP Wallonie-Bruxelles, en partenariat avec Coopkracht et Smart, organise le colloque sur le th\u00e8me \u00ab\u00a0La d\u00e9mocratie est-elle compatible avec l\u2019\u00e9conomie de march\u00e9 ?\u00a0\u00bb<\/p>\n<p>Avec :<br \/>\n&#8211; David VAN REYBROUCK, journaliste et \u00e9crivain, auteur du livre \u00ab\u00a0Contre les \u00e9lections\u00a0\u00bb;<br \/>\n&#8211; Sandrino GRACEFFA, administrateur d\u00e9l\u00e9gu\u00e9 de Smart, auteur du livre \u00ab\u00a0Refaire le monde du travail\u00a0\u00bb;<br \/>\n&#8211; Ingrid VERDUYN, Business partner et coop\u00e9ratrice-fondatrice de We and Work;<br \/>\n&#8211; Francisco GOMEZ et Fran\u00e7ois MOENS, coop\u00e9rateurs-fondateurs de Difrenotech.<\/p>\n<p>&nbsp;<\/p>\n<p><strong><em>Bienvenue!<\/em><\/strong><\/p>\n<p>&nbsp;<\/p>\n<p><strong>Quand?<\/strong> le 18\/10 de 19h \u00e0 22h<\/p>\n<p><strong>O\u00f9?<\/strong> Dans les bureaux de Smart, rue Coenraets, 72 1060 Saint-Gilles<\/p>\n<p><a href=\"https:\/\/event.icedd.be\/E1\/index.php\/fr\/questionnaires\/18-10-18-let-it-coop-la-democratie-est-elle-compatible-avec-l-economie-de-marche\"><strong>S&rsquo;inscrire<\/strong><\/a><\/p>\n<p><a href=\"https:\/\/www.facebook.com\/events\/1536085246519710\/?active_tab=about\"><strong>\u00c9v\u00e9nement Facebook<\/strong><\/a><\/p>","protected":false},"excerpt":{"rendered":"<p>L\u2019Union des SCOP Wallonie-Bruxelles, en partenariat avec Coopkracht et Smart, organise le colloque sur le th\u00e8me \u00ab\u00a0La d\u00e9mocratie est-elle compatible avec l\u2019\u00e9conomie de march\u00e9 ?\u00a0\u00bb Avec : &#8211; David VAN REYBROUCK, journaliste et \u00e9crivain, auteur du livre \u00ab\u00a0Contre les \u00e9lections\u00a0\u00bb; &hellip;<\/p>\n","protected":false},"author":56,"featured_media":24649,"comment_status":"closed","ping_status":"closed","sticky":false,"template":"","format":"standard","meta":{"footnotes":""},"categories":[24],"tags":[],"class_list":["post-24648","post","type-post","status-publish","format-standard","has-post-thumbnail","hentry","category-evenements"],"aioseo_notices":[],"_links":{"self":[{"href":"https:\/\/smartbe.be\/fr\/wp-json\/wp\/v2\/posts\/24648","targetHints":{"allow":["GET"]}}],"collection":[{"href":"https:\/\/smartbe.be\/fr\/wp-json\/wp\/v2\/posts"}],"about":[{"href":"https:\/\/smartbe.be\/fr\/wp-json\/wp\/v2\/types\/post"}],"author":[{"embeddable":true,"href":"https:\/\/smartbe.be\/fr\/wp-json\/wp\/v2\/users\/56"}],"replies":[{"embeddable":true,"href":"https:\/\/smartbe.be\/fr\/wp-json\/wp\/v2\/comments?post=24648"}],"version-history":[{"count":12,"href":"https:\/\/smartbe.be\/fr\/wp-json\/wp\/v2\/posts\/24648\/revisions"}],"predecessor-version":[{"id":24699,"href":"https:\/\/smartbe.be\/fr\/wp-json\/wp\/v2\/posts\/24648\/revisions\/24699"}],"wp:featuredmedia":[{"embeddable":true,"href":"https:\/\/smartbe.be\/fr\/wp-json\/wp\/v2\/media\/24649"}],"wp:attachment":[{"href":"https:\/\/smartbe.be\/fr\/wp-json\/wp\/v2\/media?parent=24648"}],"wp:term":[{"taxonomy":"category","embeddable":true,"href":"https:\/\/smartbe.be\/fr\/wp-json\/wp\/v2\/categories?post=24648"},{"taxonomy":"post_tag","embeddable":true,"href":"https:\/\/smartbe.be\/fr\/wp-json\/wp\/v2\/tags?post=24648"}],"curies":[{"name":"wp","href":"https:\/\/api.w.org\/{rel}","templated":true}]}}