
{"id":24550,"date":"2018-09-13T13:52:05","date_gmt":"2018-09-13T12:52:05","guid":{"rendered":"https:\/\/smartbe.be\/?p=24550\/"},"modified":"2018-09-26T15:17:10","modified_gmt":"2018-09-26T14:17:10","slug":"du-12-au-22-09-detours-festival","status":"publish","type":"post","link":"https:\/\/smartbe.be\/fr\/news\/du-12-au-22-09-detours-festival\/","title":{"rendered":"Du 12 au 22\/09 &#8211; Detours Festival"},"content":{"rendered":"<p>Du 12 au 22 septembre 2018 \u00e0 Bruxelles, le D\u00e9tours Festival se d\u00e9clinera pour la 9\u00e8me \u00e9dition. Une fois encore, toutes les disciplines du hip-hop seront repr\u00e9sent\u00e9es: tant la danse et la musique que les arts visuels.<\/p>\n<p>Il offre une sc\u00e8ne aux artistes belges et internationaux, amateurs et confirm\u00e9s, de cette culture urbaine, ouverte, positive, enthousiaste et engag\u00e9e. Il est \u00e0 la fois tremplin pour les cr\u00e9ations en cours, vitrine d\u2019\u0153uvres abouties, et vecteur de coh\u00e9sion sociale par ses activit\u00e9s gratuites en rue.<\/p>\n<p><strong><a href=\"http:\/\/www.detoursfestival.be\/programmation\/\">D\u00e9couvrez la programmation!<\/a><\/strong><\/p>\n<p>&nbsp;<\/p>\n<p>SMart soutient le festival depuis plusieurs ann\u00e9es et porte, en 2018, particuli\u00e8rement deux rendez-vous, auxquels vous \u00eates tous invit\u00e9s.<\/p>\n<p>&nbsp;<\/p>\n<p><strong>Battle Abstrkt <\/strong><strong>&#8211; 15\/09 d\u00e8s 16h &#8211;\u00a0Bozar\/Mont des arts<\/strong><\/p>\n<p><a href=\"https:\/\/smartbe.be\/wordpress\/..\/wp-content\/uploads\/2017\/09\/14492358_514647465411177_9097570710790622769_n_battle.jpg\"><img loading=\"lazy\" decoding=\"async\" class=\"alignnone size-full wp-image-20827\" src=\"https:\/\/smartbe.be\/wordpress\/..\/wp-content\/uploads\/2017\/09\/14492358_514647465411177_9097570710790622769_n_battle.jpg\" alt=\"\" width=\"960\" height=\"640\" srcset=\"https:\/\/smartbe.be\/wp-content\/uploads\/2017\/09\/14492358_514647465411177_9097570710790622769_n_battle.jpg 960w, https:\/\/smartbe.be\/wp-content\/uploads\/2017\/09\/14492358_514647465411177_9097570710790622769_n_battle-300x200.jpg 300w, https:\/\/smartbe.be\/wp-content\/uploads\/2017\/09\/14492358_514647465411177_9097570710790622769_n_battle-768x512.jpg 768w, https:\/\/smartbe.be\/wp-content\/uploads\/2017\/09\/14492358_514647465411177_9097570710790622769_n_battle-450x300.jpg 450w, https:\/\/smartbe.be\/wp-content\/uploads\/2017\/09\/14492358_514647465411177_9097570710790622769_n_battle-290x193.jpg 290w\" sizes=\"auto, (max-width: 960px) 100vw, 960px\" \/><\/a><\/p>\n<p>La <strong>Battle Abstrkt<\/strong> rassemble des danseurs singuliers venus d\u2019univers totalement diff\u00e9rents tant en danse hip-hop contemporaine qu\u2019en cirque. Le but est d\u2019\u00eatre le plus abstrait et exp\u00e9rimental possible, l\u2019originalit\u00e9 primant sur la technique.<\/p>\n<p>&nbsp;<\/p>\n<p><strong>Work in progress &#8211; 22\/09 \u00e0 16h &#8211; <\/strong><strong>Maison des Cultures de Saint-Gilles<\/strong><\/p>\n<div class=\"video-container\"><iframe loading=\"lazy\" title=\"FACE A: Block Party (Teaser)\" width=\"584\" height=\"329\" src=\"https:\/\/www.youtube.com\/embed\/IbNsRyisEzE?feature=oembed\" frameborder=\"0\" allow=\"accelerometer; autoplay; clipboard-write; encrypted-media; gyroscope; picture-in-picture; web-share\" referrerpolicy=\"strict-origin-when-cross-origin\" allowfullscreen><\/iframe><\/div>\n<p><span lang=\"FR-BE\">La compagnie \u00ab\u00a0<strong>Des hommes qui portent et des femmes qui tiennent<\/strong>\u00a0\u00bb est une jeune compagnie \u00e9mergente de cirque contemporain dont le c\u0153ur du travail est la mixit\u00e9 des arts.\u00a0<\/span>L\u2019univers de la compagnie est tr\u00e8s ancr\u00e9 dans la culture urbaine.<\/p>\n<p class=\"x_MsoNormal\"><span lang=\"FR-BE\">En septembre 2017, Morgane LENZI et Kurtis GARCIA ont pr\u00e9sent\u00e9 au D\u00e9tours Festival\u00a0<i>FACE A<\/i><\/span><i><span lang=\"FR-BE\">\u00a0<\/span><\/i><i><span lang=\"FR-BE\">: Block Party<\/span><\/i><span lang=\"FR-BE\">, un duo de 20 minutes m\u00ealant cirque et hiphop.<\/span><\/p>\n<p><span lang=\"FR-BE\">Cette ann\u00e9e, ils reviennent pour vous en d\u00e9voiler un peu plus sur la suite du projet<\/span><span lang=\"FR-BE\">\u00a0<\/span><span lang=\"FR-BE\">: Neptumium Ratons. C\u2019est un spectacle d\u2019une heure, con\u00e7u pour les salles de th\u00e9\u00e2tre, dont la premi\u00e8re aura lieu en avril 2019. <\/span><\/p>\n<p><span lang=\"FR-BE\">Au plateau, ils ont \u00e9t\u00e9 rejoints par deux danseurs break<\/span><span lang=\"FR-BE\">\u00a0<\/span><span lang=\"FR-BE\">: Alois LECLET et Thibault BAGES.\u00a0 Cr\u00e9\u00e9 avec le soutien de leur mentor Milan Emmanuel, ce projet fait partie du programme de mentoring initi\u00e9 par Smart en 2017.<\/span><\/p>\n<p>&nbsp;<\/p>\n<p><strong>Plus d&rsquo;infos:<\/strong><\/p>\n<p><a href=\"https:\/\/www.facebook.com\/pg\/DetoursFestival\/events\/\">https:\/\/www.facebook.com\/pg\/DetoursFestival\/events\/<\/a><\/p>\n<p><a href=\"http:\/\/www.detoursfestival.be\/\">http:\/\/www.detoursfestival.be\/<\/a><\/p>","protected":false},"excerpt":{"rendered":"<p>Du 12 au 22 septembre 2018 \u00e0 Bruxelles, le D\u00e9tours Festival se d\u00e9clinera pour la 9\u00e8me \u00e9dition. Une fois encore, toutes les disciplines du hip-hop seront repr\u00e9sent\u00e9es: tant la danse et la musique que les arts visuels. Il offre une &hellip;<\/p>\n","protected":false},"author":56,"featured_media":24562,"comment_status":"closed","ping_status":"closed","sticky":false,"template":"","format":"standard","meta":{"footnotes":""},"categories":[24],"tags":[],"class_list":["post-24550","post","type-post","status-publish","format-standard","has-post-thumbnail","hentry","category-evenements"],"aioseo_notices":[],"_links":{"self":[{"href":"https:\/\/smartbe.be\/fr\/wp-json\/wp\/v2\/posts\/24550","targetHints":{"allow":["GET"]}}],"collection":[{"href":"https:\/\/smartbe.be\/fr\/wp-json\/wp\/v2\/posts"}],"about":[{"href":"https:\/\/smartbe.be\/fr\/wp-json\/wp\/v2\/types\/post"}],"author":[{"embeddable":true,"href":"https:\/\/smartbe.be\/fr\/wp-json\/wp\/v2\/users\/56"}],"replies":[{"embeddable":true,"href":"https:\/\/smartbe.be\/fr\/wp-json\/wp\/v2\/comments?post=24550"}],"version-history":[{"count":8,"href":"https:\/\/smartbe.be\/fr\/wp-json\/wp\/v2\/posts\/24550\/revisions"}],"predecessor-version":[{"id":24568,"href":"https:\/\/smartbe.be\/fr\/wp-json\/wp\/v2\/posts\/24550\/revisions\/24568"}],"wp:featuredmedia":[{"embeddable":true,"href":"https:\/\/smartbe.be\/fr\/wp-json\/wp\/v2\/media\/24562"}],"wp:attachment":[{"href":"https:\/\/smartbe.be\/fr\/wp-json\/wp\/v2\/media?parent=24550"}],"wp:term":[{"taxonomy":"category","embeddable":true,"href":"https:\/\/smartbe.be\/fr\/wp-json\/wp\/v2\/categories?post=24550"},{"taxonomy":"post_tag","embeddable":true,"href":"https:\/\/smartbe.be\/fr\/wp-json\/wp\/v2\/tags?post=24550"}],"curies":[{"name":"wp","href":"https:\/\/api.w.org\/{rel}","templated":true}]}}