
{"id":24385,"date":"2018-09-03T13:41:13","date_gmt":"2018-09-03T12:41:13","guid":{"rendered":"https:\/\/smartbe.be\/?p=24385\/"},"modified":"2018-09-04T13:25:39","modified_gmt":"2018-09-04T12:25:39","slug":"19-09-debat-comment-commence-t-on-dans-lart","status":"publish","type":"post","link":"https:\/\/smartbe.be\/fr\/news\/19-09-debat-comment-commence-t-on-dans-lart\/","title":{"rendered":"19\/09\u00a0 &#8211; D\u00c9BAT \u00ab\u00a0Comment commence-t-on dans l\u2019art ? \u00ab\u00a0"},"content":{"rendered":"<div>\n\n<p>Venez \u00e9couter les t\u00e9moignages de jeunes artistes qui se sont lanc\u00e9 dans l\u2019aventure de la cr\u00e9ation th\u00e9\u00e2trale. Ceux-ci seront entour\u00e9s par les \u00e9quipes de Mars-Mons arts de la sc\u00e8ne, de la Smart, du Centre des Arts Sc\u00e9niques et du Comptoir des Ressources Cr\u00e9atives, 4 structures montoises qui soutiennent les jeunes artistes dans leurs projets de cr\u00e9ation.<\/p>\n<p>Lors de cette journ\u00e9e, rencontrez \u00e9galement l&rsquo;\u00e9quipe de Smart sur place pour l&rsquo;occasion. Vos accompagnateurs investissent la Fabrique d&rsquo;\u00e9t\u00e9 pendant une journ\u00e9e pour r\u00e9pondre aux questions des visiteurs avec ou sans rendez-vous.<\/p>\n<p>&nbsp;<\/p>\n<div><strong>Quand?<\/strong> Le 19\/09 de 14h \u00e0 16h<\/div>\n<div><strong>O\u00f9? <\/strong>Dans Les Anciens Abattoirs de Mons<\/div>\n<\/div>\n<div><strong><a href=\"https:\/\/www.eventbrite.fr\/e\/billets-la-fabrique-dete-programmation-complete-47809812436#tickets\">S&rsquo;inscrire<\/a><\/strong><\/div>\n<div><strong><a href=\"https:\/\/www.facebook.com\/events\/280657039165637\/\">Retrouver l&rsquo;\u00e9v\u00e9nement Facebook<\/a><\/strong><\/div>\n<div><\/div>\n<div><\/div>\n<div><\/div>\n<div>\n<p><em>Activit\u00e9 organis\u00e9e dans le cadre de <a href=\"https:\/\/bit.ly\/2N6Zo9m\">La Fabrique d&rsquo;\u00e9t\u00e9<\/a>\u00a0et en lien avec le Festival \u00ab\u00a0<a href=\"http:\/\/surmars.be\/evenement\/festin-mons-borinage\/\">Le Festin<\/a>\u00ab\u00a0, 5 jours de th\u00e9\u00e2tre et de cr\u00e9ations issues de <a href=\"https:\/\/bit.ly\/2vXbyuM\">Mons-Borinage.<\/a><\/em><\/p>\n<p><em>Ce programme s&rsquo;inscrit dans la Biennale 2018-19 de\u00a0<a href=\"https:\/\/www.facebook.com\/MonsCapitaleCulturelle\/\" target=\"_blank\" rel=\"noopener\" data-cke-saved-href=\"https:\/\/www.facebook.com\/MonsCapitaleCulturelle\/\">Mons Capitale culturelle<\/a>\u00a0organis\u00e9e par la\u00a0<a href=\"https:\/\/www.facebook.com\/fondationmons2025\/\" target=\"_blank\" rel=\"noopener\" data-cke-saved-href=\"https:\/\/www.facebook.com\/fondationmons2025\/\">Fondation Mons 2025<\/a>,\u00a0<a href=\"https:\/\/www.facebook.com\/surmars7000\/\" target=\"_blank\" rel=\"noopener\" data-cke-saved-href=\"https:\/\/www.facebook.com\/surmars7000\/\">Mars &#8211; Mons arts de la sc\u00e8ne<\/a>\u00a0et le\u00a0<a href=\"https:\/\/www.facebook.com\/polemuseal.mons\/\" target=\"_blank\" rel=\"noopener\" data-cke-saved-href=\"https:\/\/www.facebook.com\/polemuseal.mons\/\">P\u00f4le mus\u00e9al de la Ville de Mons &#8211; Officiel<\/a><\/em><br \/>\n<em><a href=\"https:\/\/l.facebook.com\/l.php?u=http%3A%2F%2Fwww.monscapitaleculturelle.eu%2F&amp;h=AT3PW8GQjMUmmly3jNjhDAq5B2wl4-Kfkc1pMWeJx9ETA48zmsicYhjD37-m-g4Kbs0UtDR833Pp7fuvz8LeNacfqv4HpeiPF8d4odvzbiDkJxl8gXhL_WRJxi4gp42_5A\" target=\"_blank\" rel=\"nofollow noopener\" data-lynx-mode=\"hover\" data-cke-saved-href=\"https:\/\/l.facebook.com\/l.php?u=http%3A%2F%2Fwww.monscapitaleculturelle.eu%2F&amp;h=AT3PW8GQjMUmmly3jNjhDAq5B2wl4-Kfkc1pMWeJx9ETA48zmsicYhjD37-m-g4Kbs0UtDR833Pp7fuvz8LeNacfqv4HpeiPF8d4odvzbiDkJxl8gXhL_WRJxi4gp42_5A\">www.monscapitaleculturelle.eu<\/a><\/em><\/p>\n<\/div>\n<div><\/div>","protected":false},"excerpt":{"rendered":"<p>Venez \u00e9couter les t\u00e9moignages de jeunes artistes qui se sont lanc\u00e9 dans l\u2019aventure de la cr\u00e9ation th\u00e9\u00e2trale. Ceux-ci seront entour\u00e9s par les \u00e9quipes de Mars-Mons arts de la sc\u00e8ne, de la Smart, du Centre des Arts Sc\u00e9niques et du Comptoir &hellip;<\/p>\n","protected":false},"author":56,"featured_media":24431,"comment_status":"closed","ping_status":"closed","sticky":false,"template":"","format":"standard","meta":{"footnotes":""},"categories":[25],"tags":[],"class_list":["post-24385","post","type-post","status-publish","format-standard","has-post-thumbnail","hentry","category-debats"],"aioseo_notices":[],"_links":{"self":[{"href":"https:\/\/smartbe.be\/fr\/wp-json\/wp\/v2\/posts\/24385","targetHints":{"allow":["GET"]}}],"collection":[{"href":"https:\/\/smartbe.be\/fr\/wp-json\/wp\/v2\/posts"}],"about":[{"href":"https:\/\/smartbe.be\/fr\/wp-json\/wp\/v2\/types\/post"}],"author":[{"embeddable":true,"href":"https:\/\/smartbe.be\/fr\/wp-json\/wp\/v2\/users\/56"}],"replies":[{"embeddable":true,"href":"https:\/\/smartbe.be\/fr\/wp-json\/wp\/v2\/comments?post=24385"}],"version-history":[{"count":14,"href":"https:\/\/smartbe.be\/fr\/wp-json\/wp\/v2\/posts\/24385\/revisions"}],"predecessor-version":[{"id":24439,"href":"https:\/\/smartbe.be\/fr\/wp-json\/wp\/v2\/posts\/24385\/revisions\/24439"}],"wp:featuredmedia":[{"embeddable":true,"href":"https:\/\/smartbe.be\/fr\/wp-json\/wp\/v2\/media\/24431"}],"wp:attachment":[{"href":"https:\/\/smartbe.be\/fr\/wp-json\/wp\/v2\/media?parent=24385"}],"wp:term":[{"taxonomy":"category","embeddable":true,"href":"https:\/\/smartbe.be\/fr\/wp-json\/wp\/v2\/categories?post=24385"},{"taxonomy":"post_tag","embeddable":true,"href":"https:\/\/smartbe.be\/fr\/wp-json\/wp\/v2\/tags?post=24385"}],"curies":[{"name":"wp","href":"https:\/\/api.w.org\/{rel}","templated":true}]}}