
{"id":24365,"date":"2018-09-03T11:14:14","date_gmt":"2018-09-03T10:14:14","guid":{"rendered":"https:\/\/smartbe.be\/?p=24365\/"},"modified":"2018-10-01T11:18:48","modified_gmt":"2018-10-01T10:18:48","slug":"29-09-devernissage-expo-photo-revolution-aux-belneux","status":"publish","type":"post","link":"https:\/\/smartbe.be\/fr\/news\/29-09-devernissage-expo-photo-revolution-aux-belneux\/","title":{"rendered":"29\/09 \u2013 Finissage &#8211; Expo photo \u00ab\u00a0Mai68 &#8211; Mons18\u00a0\u00bb aux Belneux !"},"content":{"rendered":"<p>Claire Allard, Michel Loriaux et David Taquin, laur\u00e9ats de l\u2019appel \u00e0 projet lanc\u00e9 par Smart, ont men\u00e9 une r\u00e9flexion photographique sur le monde du travail, la (d\u00e9)croissance \u00e9conomique et sociale, la lutte des classes, les liens de subordination dans le travail, les rapports \u00e0 l\u2019autorit\u00e9\u2026<\/p>\n<p>Venez saluer une derni\u00e8re fois leur travail!<\/p>\n<p>Le\u00a0 finissage de l&rsquo;exposition, r\u00e9alis\u00e9e en collaboration avec la Fondation MONS 2025, fera partie de la veill\u00e9e-soir\u00e9e de cl\u00f4ture du <a href=\"http:\/\/www.mons2025.eu\/fr\/le-grand-final-du-grand-huit#overlay-context=fr\/le-grand-huit-1\">Grand final du\u00a0\u00a0Grand-Huit.<\/a><\/p>\n<p>Retrouvez-nous le 29\/09 d\u00e8s 18h aux Belneux!<\/p>\n<p>Le\u00a0<a href=\"https:\/\/www.facebook.com\/ccbelneux\/\">Centre de Cr\u00e9ation des Belneux<\/a>\u00a0est un projet d\u00e9velopp\u00e9\u00a0par Smart au c\u0153ur de Mons qui accueille une dizaine d\u2019activit\u00e9s professionnelles et associatives.<\/p>\n<p>&nbsp;<\/p>\n<p><strong>Quand\u00a0?<\/strong> Vendredi 29\/09 \u00e0 partir de 18h<\/p>\n<p><strong>O\u00f9\u00a0?<\/strong> Centre de Cr\u00e9ation des Belneux, 12 rue des Belneux, 7000 Mons<\/p>\n<p>&nbsp;<\/p>\n<p>Photographes :\u00a0<a href=\"https:\/\/www.facebook.com\/claire.ag\">Claire Allard<\/a>,\u00a0\u00a0<a href=\"https:\/\/www.facebook.com\/dtaquin\">David Taquin<\/a>,\u00a0<a href=\"https:\/\/www.facebook.com\/mloriaux.be\/\">Michel loriaux production<\/a><\/p>\n<p>&nbsp;<\/p>","protected":false},"excerpt":{"rendered":"<p>Claire Allard, Michel Loriaux et David Taquin, laur\u00e9ats de l\u2019appel \u00e0 projet lanc\u00e9 par Smart, ont men\u00e9 une r\u00e9flexion photographique sur le monde du travail, la (d\u00e9)croissance \u00e9conomique et sociale, la lutte des classes, les liens de subordination dans le &hellip;<\/p>\n","protected":false},"author":56,"featured_media":22178,"comment_status":"closed","ping_status":"closed","sticky":false,"template":"","format":"standard","meta":{"footnotes":""},"categories":[24],"tags":[],"class_list":["post-24365","post","type-post","status-publish","format-standard","has-post-thumbnail","hentry","category-evenements"],"aioseo_notices":[],"_links":{"self":[{"href":"https:\/\/smartbe.be\/fr\/wp-json\/wp\/v2\/posts\/24365","targetHints":{"allow":["GET"]}}],"collection":[{"href":"https:\/\/smartbe.be\/fr\/wp-json\/wp\/v2\/posts"}],"about":[{"href":"https:\/\/smartbe.be\/fr\/wp-json\/wp\/v2\/types\/post"}],"author":[{"embeddable":true,"href":"https:\/\/smartbe.be\/fr\/wp-json\/wp\/v2\/users\/56"}],"replies":[{"embeddable":true,"href":"https:\/\/smartbe.be\/fr\/wp-json\/wp\/v2\/comments?post=24365"}],"version-history":[{"count":9,"href":"https:\/\/smartbe.be\/fr\/wp-json\/wp\/v2\/posts\/24365\/revisions"}],"predecessor-version":[{"id":24617,"href":"https:\/\/smartbe.be\/fr\/wp-json\/wp\/v2\/posts\/24365\/revisions\/24617"}],"wp:featuredmedia":[{"embeddable":true,"href":"https:\/\/smartbe.be\/fr\/wp-json\/wp\/v2\/media\/22178"}],"wp:attachment":[{"href":"https:\/\/smartbe.be\/fr\/wp-json\/wp\/v2\/media?parent=24365"}],"wp:term":[{"taxonomy":"category","embeddable":true,"href":"https:\/\/smartbe.be\/fr\/wp-json\/wp\/v2\/categories?post=24365"},{"taxonomy":"post_tag","embeddable":true,"href":"https:\/\/smartbe.be\/fr\/wp-json\/wp\/v2\/tags?post=24365"}],"curies":[{"name":"wp","href":"https:\/\/api.w.org\/{rel}","templated":true}]}}