
{"id":23699,"date":"2018-06-20T17:02:55","date_gmt":"2018-06-20T16:02:55","guid":{"rendered":"http:\/\/smartbe.be\/?p=23699\/"},"modified":"2018-06-26T16:50:43","modified_gmt":"2018-06-26T15:50:43","slug":"vendredi-2206-fetes-de-la-musique-namur","status":"publish","type":"post","link":"https:\/\/smartbe.be\/fr\/news\/vendredi-2206-fetes-de-la-musique-namur\/","title":{"rendered":"22\/06 &#8211; Musique \u00e0 tous les \u00e9tages (Namur)"},"content":{"rendered":"<p><img loading=\"lazy\" decoding=\"async\" class=\"alignnone size-medium wp-image-23700\" src=\"https:\/\/smartbe.be\/wordpress\/..\/wp-content\/uploads\/2018\/06\/D\u00e9pliant.jpeg\" alt=\"\" width=\"1\" height=\"1\" \/>Le vendredi 22 juin, lancement des festivit\u00e9s de la F\u00eate de la Musique \u00e0 Namur avec \u00ab\u00a0Musique \u00e0 tous les \u00e9tages\u00a0\u00bb:\u00a0un parcours musical au c\u0153ur de la ville dans des endroits familiers ou atypiques, intimistes ou insolites, connus ou parfois moins.<\/p>\n<p>SMart est, cette ann\u00e9e encore, partenaire de l&rsquo;\u00e9v\u00e9nement, qui vise \u00e0 mettre en valeur une s\u00e9lection d\u2019artistes issus de la sc\u00e8ne locale foisonnante. Venez vibrer avec nous dans une ambiance chaleureuse!<\/p>\n<p><strong>Voici le programme<\/strong><\/p>\n<p><a href=\"https:\/\/smartbe.be\/wordpress\/..\/wp-content\/uploads\/2018\/06\/Musique-\u00e0-tous-les-\u00e9tages-Namur-Programme.jpg\"><img loading=\"lazy\" decoding=\"async\" class=\"alignleft size-full wp-image-23706\" src=\"https:\/\/smartbe.be\/wordpress\/..\/wp-content\/uploads\/2018\/06\/Musique-\u00e0-tous-les-\u00e9tages-Namur-Programme.jpg\" alt=\"\" width=\"591\" height=\"484\" srcset=\"https:\/\/smartbe.be\/wp-content\/uploads\/2018\/06\/Musique-\u00e0-tous-les-\u00e9tages-Namur-Programme.jpg 591w, https:\/\/smartbe.be\/wp-content\/uploads\/2018\/06\/Musique-\u00e0-tous-les-\u00e9tages-Namur-Programme-300x246.jpg 300w, https:\/\/smartbe.be\/wp-content\/uploads\/2018\/06\/Musique-\u00e0-tous-les-\u00e9tages-Namur-Programme-366x300.jpg 366w, https:\/\/smartbe.be\/wp-content\/uploads\/2018\/06\/Musique-\u00e0-tous-les-\u00e9tages-Namur-Programme-290x237.jpg 290w\" sizes=\"auto, (max-width: 591px) 100vw, 591px\" \/><\/a><\/p>\n<p><a href=\"https:\/\/smartbe.be\/wp-content\/uploads\/2018\/06\/Programme-Musique-%C3%A0-tous-les-%C3%A9tages-Namur.jpg\">T\u00e9l\u00e9charger le Programme<\/a><\/p>\n<p><a href=\"https:\/\/www.facebook.com\/events\/167608927165697\/\">Suivre l&rsquo;\u00e9v\u00e9nement sur Facebook<\/a><\/p>\n<p>&nbsp;<\/p>","protected":false},"excerpt":{"rendered":"<p>Le vendredi 22 juin, lancement des festivit\u00e9s de la F\u00eate de la Musique \u00e0 Namur avec \u00ab\u00a0Musique \u00e0 tous les \u00e9tages\u00a0\u00bb:\u00a0un parcours musical au c\u0153ur de la ville dans des endroits familiers ou atypiques, intimistes ou insolites, connus ou parfois &hellip;<\/p>\n","protected":false},"author":56,"featured_media":23710,"comment_status":"closed","ping_status":"closed","sticky":false,"template":"","format":"standard","meta":{"footnotes":""},"categories":[24],"tags":[],"class_list":["post-23699","post","type-post","status-publish","format-standard","has-post-thumbnail","hentry","category-evenements"],"aioseo_notices":[],"_links":{"self":[{"href":"https:\/\/smartbe.be\/fr\/wp-json\/wp\/v2\/posts\/23699","targetHints":{"allow":["GET"]}}],"collection":[{"href":"https:\/\/smartbe.be\/fr\/wp-json\/wp\/v2\/posts"}],"about":[{"href":"https:\/\/smartbe.be\/fr\/wp-json\/wp\/v2\/types\/post"}],"author":[{"embeddable":true,"href":"https:\/\/smartbe.be\/fr\/wp-json\/wp\/v2\/users\/56"}],"replies":[{"embeddable":true,"href":"https:\/\/smartbe.be\/fr\/wp-json\/wp\/v2\/comments?post=23699"}],"version-history":[{"count":6,"href":"https:\/\/smartbe.be\/fr\/wp-json\/wp\/v2\/posts\/23699\/revisions"}],"predecessor-version":[{"id":23713,"href":"https:\/\/smartbe.be\/fr\/wp-json\/wp\/v2\/posts\/23699\/revisions\/23713"}],"wp:featuredmedia":[{"embeddable":true,"href":"https:\/\/smartbe.be\/fr\/wp-json\/wp\/v2\/media\/23710"}],"wp:attachment":[{"href":"https:\/\/smartbe.be\/fr\/wp-json\/wp\/v2\/media?parent=23699"}],"wp:term":[{"taxonomy":"category","embeddable":true,"href":"https:\/\/smartbe.be\/fr\/wp-json\/wp\/v2\/categories?post=23699"},{"taxonomy":"post_tag","embeddable":true,"href":"https:\/\/smartbe.be\/fr\/wp-json\/wp\/v2\/tags?post=23699"}],"curies":[{"name":"wp","href":"https:\/\/api.w.org\/{rel}","templated":true}]}}