
{"id":22921,"date":"2018-05-04T14:27:34","date_gmt":"2018-05-04T13:27:34","guid":{"rendered":"http:\/\/smartbe.be\/?p=22921\/"},"modified":"2018-06-07T11:19:31","modified_gmt":"2018-06-07T10:19:31","slug":"0206-conference-travail-et-transitions-les-defis-ecologiques-et-le-mouvement-des-communs-transforment-ils-le-monde-du-travail","status":"publish","type":"post","link":"https:\/\/smartbe.be\/fr\/news\/0206-conference-travail-et-transitions-les-defis-ecologiques-et-le-mouvement-des-communs-transforment-ils-le-monde-du-travail\/","title":{"rendered":"02\/06 &#8211; Conf\u00e9rence : Travail et transitions. Les d\u00e9fis \u00e9cologiques et le mouvement des communs transforment-ils le monde du travail ?"},"content":{"rendered":"<p>&nbsp;<\/p>\n<p>Les d\u00e9fis \u00e9cologiques sont connus, les solutions concr\u00e8tes venant des autorit\u00e9s publiques ne sont pas \u00e0 la hauteur des d\u00e9fis. Fort heureusement, des acteurs de terrain \u0153uvrent d\u00e9j\u00e0 \u00e0 d\u00e9velopper des solutions, qui sont non seulement respectueuses de l\u2019environnement; mais qui plus est, \u0153uvrent pour les communs, dans un esprit participatif, inclusif et redistributif.<\/p>\n<p>Lors de cette conf\u00e9rence, nous proposons tout d\u2019abord une introduction aux d\u00e9fis \u00e9cologiques (Quels sont-ils\u00a0? Quels sont les objectifs fix\u00e9s par la Belgique et l\u2019Union europ\u00e9enne\u00a0pour y r\u00e9pondre?) \u00a0et aux r\u00e9ponses qui peuvent \u00eatre rassembl\u00e9es autour du mouvement des communs. Celui-ci pouvant \u00eatre d\u00e9fini comme des ressources partag\u00e9es (qu\u2019elles soient naturelles, des savoirs, des logiciels, des espaces urbains\u2026) g\u00e9r\u00e9es par des communaut\u00e9s de parties prenantes (producteurs, usagers, administrations, ONG, etc.) Ce mouvement des communs recouvre un large champ d\u2019activit\u00e9s et d&rsquo;initiatives qui r\u00e9pondent tant aux d\u00e9fis \u00e9cologiques qu\u2019aux besoins de solidarit\u00e9 etde\u00a0 gouvernance participative entre acteurs d\u2019une m\u00eame communaut\u00e9 (qu\u2019elle soit de voisinage, de fili\u00e8re, de pens\u00e9e\u2026)<\/p>\n<p>Partant de ces constats, nous investiguerons les continuit\u00e9s et ruptures entre ces initiatives et le monde du travail. En effet, la centralit\u00e9 du travail tel qu&rsquo;il est structur\u00e9 depuis la fin de la seconde guerre mondiale. La centralit\u00e9 de l&#8217;emploi salari\u00e9 dans les soci\u00e9t\u00e9s europ\u00e9ennes, si elle est porteuse d&rsquo;une conception de la prosp\u00e9rit\u00e9 arrim\u00e9e \u00e0 la croissance \u00e9conomique, est \u00e9galement \u00e0 la source de notre mod\u00e8le fort de protection sociale. Une attention particuli\u00e8re sera donc accord\u00e9e \u00e0 l\u2019implication du passage de l\u2019objectif de croissance \u00e0 tout prix vers une prosp\u00e9rit\u00e9 durable.<\/p>\n<p>Pour lier th\u00e9orie et pratiques, des initiatives concr\u00e8tes de productions alternatives, ancr\u00e9es dans un souci de transition \u00e0 la fois \u00e9cologique et vers un monde fait de communs, seront pr\u00e9sent\u00e9es. Ces acteurs sont actifs dans la production agricole, \u00e9nerg\u00e9tique, de connaissance et de biens. Forts de ces exemples concrets et des r\u00e9flexions initiales, une table ronde rassemblant tous les intervenants fera le point sur la mani\u00e8re dont les d\u00e9fis identifi\u00e9s et les exp\u00e9riences propos\u00e9es impactent le travail. Comment transforment-ils l\u2019organisation du travail\u00a0? La redistribution des richesses\u00a0? Le financement\u00a0? La place et le pouvoir de d\u00e9cision du travailleur dans l\u2019entreprise\u00a0? Les droits associ\u00e9s au travail\u00a0? La place du travail dans la soci\u00e9t\u00e9\u00a0? En somme, quelles continuit\u00e9s avec les principes de solidarit\u00e9 qui sont \u00e0 la base des luttes syndicales\u00a0?<\/p>\n<h3 class=\"null\"><strong>\u00c0 propos de l\u2019exposition <\/strong><strong>REVLT !<\/strong><\/h3>\n<p>\u00ab Aujourd\u2019hui, quelle est votre r\u00e9volte ? \u00bb, telle est la question \u2013 \u00e0 la fois simple et complexe \u2013 pos\u00e9e par l\u2019exposition REVLT ! aux artistes sur leurs engagements et leurs pr\u00e9occupations. Existe-t-il un d\u00e9nominateur commun, transversal \u00e0 leurs r\u00e9voltes ? Au travers d\u2019un parcours pluridisciplinaire (affiches originales, travaux photographiques, interventions de Street artistes et de plasticiens), REVLT! r\u00e9affirme la contribution essentielle de l\u2019artiste \u00e0 l\u2019\u00e9volution de nos soci\u00e9t\u00e9s \u00e0 travers le d\u00e9bat, l\u2019\u00e9change et la confrontation d\u2019id\u00e9es suscit\u00e9s par ses cr\u00e9ations.<\/p>\n<p><a href=\"http:\/\/revlt.be\/\" data-cke-saved-href=\"http:\/\/revlt.be\/\">http:\/\/revlt.be\/<\/a><\/p>\n<p>&nbsp;<\/p>\n<h3 class=\"null\"><a href=\"https:\/\/docs.google.com\/forms\/d\/e\/1FAIpQLSdr7sokIqT9aHMINGcMOB2deCkdjqT5hooeIPMJgCS6Scv4dA\/viewform?c=0&amp;w=1\" target=\"_blank\" data-cke-saved-href=\"https:\/\/docs.google.com\/forms\/d\/e\/1FAIpQLSdr7sokIqT9aHMINGcMOB2deCkdjqT5hooeIPMJgCS6Scv4dA\/viewform?c=0&amp;w=1\"><strong>INSCRIVEZ-VOUS<\/strong><\/a><\/h3>\n<p>&nbsp;<\/p>\n<h3 class=\"null\"><strong>PROGRAMME <\/strong><\/h3>\n<p><strong>14h\u00a0\u00a0\u00a0\u00a0\u00a0\u00a0\u00a0 INTRODUCTION &amp; ACCUEIL<\/strong><\/p>\n<ul>\n<li>Sandrino Graceffa, Smart<\/li>\n<li>Gilles Parmentier, REVLT!<\/li>\n<li>Pr\u00e9sentation de la campagne TAM TAM et de la capsule vid\u00e9o #NotreR\u00e9alit\u00e9 sur le travail, Marc Zune, TAM TAM<\/li>\n<\/ul>\n<p><strong>14h20\u00a0\u00a0\u00a0 LES D\u00c9FIS \u00c9COLOGIQUES &amp; LA PHILOSOPHIE DES COMMUNS<\/strong><\/p>\n<ul>\n<li>Introduction sur les d\u00e9fis\u00a0 \u00e9cologiques, Jonathan\u00a0Piron, Etopia<\/li>\n<li>Introduction sur les communs, Michel Bauwens, P2P Foundation<\/li>\n<\/ul>\n<p><strong>15h\u00a0\u00a0\u00a0\u00a0\u00a0\u00a0\u00a0 LE CADRE<\/strong><\/p>\n<ul>\n<li>Les bases du Pacte sociale, Pascale Vielle, Universit\u00e9 catholique de Louvain<\/li>\n<li>De la croissance \u00e9conomique \u00e0 la prosp\u00e9rit\u00e9 durable, Olivier De Schutter, Universit\u00e9 catholique de Louvain<\/li>\n<\/ul>\n<p><strong>15h40\u00a0\u00a0\u00a0 PAUSE\u00a0<\/strong><\/p>\n<p><strong>16h\u00a0\u00a0\u00a0\u00a0\u00a0\u00a0\u00a0 DES INITIATIVES ANCR\u00c9ES DANS LE D\u00c9VELOPPEMENT DURABLE ET LES COMMUNS<\/strong><\/p>\n<ul>\n<li>Agriculture\u00a0: <a href=\"http:\/\/www.fian.be\/\" data-cke-saved-href=\"http:\/\/www.fian.be\/\"><strong>FIAN<\/strong><\/a> , Astrid Bouchedor<\/li>\n<li>Energie\u00a0: <a href=\"http:\/\/www.rescoop-wallonie.be\/\" data-cke-saved-href=\"http:\/\/www.rescoop-wallonie.be\/\">REScoop<\/a>,\u00a0Roland Tual<\/li>\n<li>Production de biens post-industrielle\u00a0: <a href=\"https:\/\/www.imal.org\/\" data-cke-saved-href=\"https:\/\/www.imal.org\/\">i-MAL<\/a>, Yves Bernard<\/li>\n<li>Production de la connaissance\u00a0: <a title=\"Savoirscom1\" href=\"https:\/\/fr.wikipedia.org\/wiki\/Savoirscom1\" data-cke-saved-href=\"https:\/\/fr.wikipedia.org\/wiki\/Savoirscom1\">Savoirscom1<\/a>, Lionel Maurel<\/li>\n<\/ul>\n<p><strong>17h\u00a0\u00a0\u00a0\u00a0\u00a0\u00a0\u00a0 ET LE TRAVAIL DANS TOUT \u00c7A\u00a0?<\/strong><br \/>\nDiscussion entre les intervenants sur l\u2019impact de ces id\u00e9ologies et les initiatives qui en d\u00e9coulent sur l\u2019organisation du travail et de la protection sociale<br \/>\nDiscutants\u00a0: Marie-H\u00e9l\u00e8ne Ska, CSC, et Julien Charles, CESEP<\/p>\n<p><strong>17h40 &#8211; 18h00\u00a0\u00a0\u00a0\u00a0 CONCLUSIONS ET SUITES DE LA CAMPAGNE TAMTAM<\/strong><\/p>\n<ul>\n<li>Michel Bauwens, P2P Foundation<\/li>\n<li>Sarah de Heusch, Smart<\/li>\n<li>Marc Zune, TAM TAM<\/li>\n<\/ul>\n<p>&nbsp;<\/p>\n<h3 class=\"null\"><strong>ADRESSE DU JOUR<\/strong><\/h3>\n<p>Centre Vanderborght<br \/>\nRue de l\u2019Ecuyer, 50<br \/>\n1000 Bruxelles<\/p>\n<h3 class=\"null\"><a href=\"https:\/\/docs.google.com\/forms\/d\/e\/1FAIpQLSdr7sokIqT9aHMINGcMOB2deCkdjqT5hooeIPMJgCS6Scv4dA\/viewform?c=0&amp;w=1\" target=\"_blank\" data-cke-saved-href=\"https:\/\/docs.google.com\/forms\/d\/e\/1FAIpQLSdr7sokIqT9aHMINGcMOB2deCkdjqT5hooeIPMJgCS6Scv4dA\/viewform?c=0&amp;w=1\"><strong>INSCRIVEZ-VOUS<\/strong><\/a><\/h3>\n<p>&nbsp;<\/p>","protected":false},"excerpt":{"rendered":"<p>&nbsp; Les d\u00e9fis \u00e9cologiques sont connus, les solutions concr\u00e8tes venant des autorit\u00e9s publiques ne sont pas \u00e0 la hauteur des d\u00e9fis. Fort heureusement, des acteurs de terrain \u0153uvrent d\u00e9j\u00e0 \u00e0 d\u00e9velopper des solutions, qui sont non seulement respectueuses de l\u2019environnement; &hellip;<\/p>\n","protected":false},"author":56,"featured_media":22933,"comment_status":"closed","ping_status":"closed","sticky":false,"template":"","format":"standard","meta":{"footnotes":""},"categories":[24],"tags":[],"class_list":["post-22921","post","type-post","status-publish","format-standard","has-post-thumbnail","hentry","category-evenements"],"aioseo_notices":[],"_links":{"self":[{"href":"https:\/\/smartbe.be\/fr\/wp-json\/wp\/v2\/posts\/22921","targetHints":{"allow":["GET"]}}],"collection":[{"href":"https:\/\/smartbe.be\/fr\/wp-json\/wp\/v2\/posts"}],"about":[{"href":"https:\/\/smartbe.be\/fr\/wp-json\/wp\/v2\/types\/post"}],"author":[{"embeddable":true,"href":"https:\/\/smartbe.be\/fr\/wp-json\/wp\/v2\/users\/56"}],"replies":[{"embeddable":true,"href":"https:\/\/smartbe.be\/fr\/wp-json\/wp\/v2\/comments?post=22921"}],"version-history":[{"count":9,"href":"https:\/\/smartbe.be\/fr\/wp-json\/wp\/v2\/posts\/22921\/revisions"}],"predecessor-version":[{"id":23218,"href":"https:\/\/smartbe.be\/fr\/wp-json\/wp\/v2\/posts\/22921\/revisions\/23218"}],"wp:featuredmedia":[{"embeddable":true,"href":"https:\/\/smartbe.be\/fr\/wp-json\/wp\/v2\/media\/22933"}],"wp:attachment":[{"href":"https:\/\/smartbe.be\/fr\/wp-json\/wp\/v2\/media?parent=22921"}],"wp:term":[{"taxonomy":"category","embeddable":true,"href":"https:\/\/smartbe.be\/fr\/wp-json\/wp\/v2\/categories?post=22921"},{"taxonomy":"post_tag","embeddable":true,"href":"https:\/\/smartbe.be\/fr\/wp-json\/wp\/v2\/tags?post=22921"}],"curies":[{"name":"wp","href":"https:\/\/api.w.org\/{rel}","templated":true}]}}