
{"id":22774,"date":"2018-04-13T13:33:08","date_gmt":"2018-04-13T12:33:08","guid":{"rendered":"http:\/\/smartbe.be\/?p=22774\/"},"modified":"2018-04-23T09:50:42","modified_gmt":"2018-04-23T08:50:42","slug":"samedi-2104-festival-de-lartisanat-et-la-creation","status":"publish","type":"post","link":"https:\/\/smartbe.be\/fr\/news\/samedi-2104-festival-de-lartisanat-et-la-creation\/","title":{"rendered":"Samedi  21\/04 &#8211; Festival de l&rsquo;Artisanat et la Cr\u00e9ation"},"content":{"rendered":"<p>La\u00a0coop\u00e9rative d&rsquo;artisans \u00ab\u00a0Workshop\u00a0\u00bb souhaite proposer plus qu&rsquo;un march\u00e9 de cr\u00e9ateurs mais un festival unique en Belgique !<\/p>\n<p>Lors de cette 3\u00e8me \u00e9dition, les curieux pourront d\u00e9couvrir une quarantaine d&rsquo;artisans-cr\u00e9ateurs professionnels, assister \u00e0 des d\u00e9monstrations et des ateliers cr\u00e9atifs anim\u00e9s par les artisans eux-m\u00eame. Il y aura aussi des projections de court-m\u00e9trages sur les m\u00e9tiers de l&rsquo;artisanat.<\/p>\n<p>Et, enfin, Smart\u00a0animera\u00a0une conf\u00e9rence sur le statut de l&rsquo;artisan et son avenir en Belgique. Elle r\u00e9unira plusieurs intervenants de diff\u00e9rentes structures telles que l&rsquo;UCM, le SPF finance, Atrium et l&rsquo;Union des artisans du Patrimoine; ensemble, ils se questionneront sur ce qu&rsquo;est, aujourd&rsquo;hui, l&rsquo;artisanat en Belgique.<\/p>\n<p>&nbsp;<\/p>\n<p><strong>O\u00f9:<\/strong> La Hulpe, place Communale<\/p>\n<p><strong>Quand:<\/strong> Samedi 21\/04 de 10 \u00e0 21h<\/p>\n<p><strong>Plus d&rsquo;infos :<\/strong>\u00a0<a href=\"http:\/\/workshopatelierboutique.com\/news.html\">&#x69;&#x6e;&#x66;&#x6f;&#x40;<span class=\"oe_displaynone\">null<\/span>&#x77;&#x6f;&#x72;&#x6b;&#x73;&#x68;&#x6f;&#x70;&#x61;&#x74;&#x65;&#x6c;&#x69;&#x65;&#x72;&#x62;&#x6f;&#x75;&#x74;&#x69;&#x71;&#x75;&#x65;&#x2e;&#x63;&#x6f;&#x6d;<\/a>\u00a0&#8211;\u00a0<a href=\"http:\/\/workshopatelierboutique.com\/news.html\">http:\/\/workshopatelierboutique.com\/news.html<\/a><\/p>\n<p>&nbsp;<\/p>\n<p>&nbsp;<\/p>\n<p><a href=\"https:\/\/smartbe.be\/wordpress\/..\/wp-content\/uploads\/2018\/04\/30221946_2052068231739903_1981647385056217725_n.jpg\"><img loading=\"lazy\" decoding=\"async\" class=\"alignnone size-medium wp-image-22776\" src=\"https:\/\/smartbe.be\/wordpress\/..\/wp-content\/uploads\/2018\/04\/30221946_2052068231739903_1981647385056217725_n-214x300.jpg\" alt=\"\" width=\"214\" height=\"300\" srcset=\"https:\/\/smartbe.be\/wp-content\/uploads\/2018\/04\/30221946_2052068231739903_1981647385056217725_n-214x300.jpg 214w, https:\/\/smartbe.be\/wp-content\/uploads\/2018\/04\/30221946_2052068231739903_1981647385056217725_n-290x407.jpg 290w, https:\/\/smartbe.be\/wp-content\/uploads\/2018\/04\/30221946_2052068231739903_1981647385056217725_n.jpg 684w\" sizes=\"auto, (max-width: 214px) 100vw, 214px\" \/><\/a><\/p>","protected":false},"excerpt":{"rendered":"<p>La\u00a0coop\u00e9rative d&rsquo;artisans \u00ab\u00a0Workshop\u00a0\u00bb souhaite proposer plus qu&rsquo;un march\u00e9 de cr\u00e9ateurs mais un festival unique en Belgique ! Lors de cette 3\u00e8me \u00e9dition, les curieux pourront d\u00e9couvrir une quarantaine d&rsquo;artisans-cr\u00e9ateurs professionnels, assister \u00e0 des d\u00e9monstrations et des ateliers cr\u00e9atifs anim\u00e9s par &hellip;<\/p>\n","protected":false},"author":56,"featured_media":22775,"comment_status":"closed","ping_status":"closed","sticky":false,"template":"","format":"standard","meta":{"footnotes":""},"categories":[24],"tags":[],"class_list":["post-22774","post","type-post","status-publish","format-standard","has-post-thumbnail","hentry","category-evenements"],"aioseo_notices":[],"_links":{"self":[{"href":"https:\/\/smartbe.be\/fr\/wp-json\/wp\/v2\/posts\/22774","targetHints":{"allow":["GET"]}}],"collection":[{"href":"https:\/\/smartbe.be\/fr\/wp-json\/wp\/v2\/posts"}],"about":[{"href":"https:\/\/smartbe.be\/fr\/wp-json\/wp\/v2\/types\/post"}],"author":[{"embeddable":true,"href":"https:\/\/smartbe.be\/fr\/wp-json\/wp\/v2\/users\/56"}],"replies":[{"embeddable":true,"href":"https:\/\/smartbe.be\/fr\/wp-json\/wp\/v2\/comments?post=22774"}],"version-history":[{"count":2,"href":"https:\/\/smartbe.be\/fr\/wp-json\/wp\/v2\/posts\/22774\/revisions"}],"predecessor-version":[{"id":22778,"href":"https:\/\/smartbe.be\/fr\/wp-json\/wp\/v2\/posts\/22774\/revisions\/22778"}],"wp:featuredmedia":[{"embeddable":true,"href":"https:\/\/smartbe.be\/fr\/wp-json\/wp\/v2\/media\/22775"}],"wp:attachment":[{"href":"https:\/\/smartbe.be\/fr\/wp-json\/wp\/v2\/media?parent=22774"}],"wp:term":[{"taxonomy":"category","embeddable":true,"href":"https:\/\/smartbe.be\/fr\/wp-json\/wp\/v2\/categories?post=22774"},{"taxonomy":"post_tag","embeddable":true,"href":"https:\/\/smartbe.be\/fr\/wp-json\/wp\/v2\/tags?post=22774"}],"curies":[{"name":"wp","href":"https:\/\/api.w.org\/{rel}","templated":true}]}}