
{"id":22658,"date":"2018-03-14T15:04:09","date_gmt":"2018-03-14T14:04:09","guid":{"rendered":"http:\/\/smartbe.be\/?p=22658\/"},"modified":"2018-03-26T11:18:26","modified_gmt":"2018-03-26T10:18:26","slug":"2103-printemps-des-scop-2018","status":"publish","type":"post","link":"https:\/\/smartbe.be\/fr\/news\/2103-printemps-des-scop-2018\/","title":{"rendered":"21\/03 &#8211; Printemps des SCOP 2018 &#8211; REPORT\u00c9"},"content":{"rendered":"<p>Pour la troisi\u00e8me \u00e9dition du Printemps des SCOP, l\u2019Union des SCOP Wallonie-Bruxelles, en partenariat avec Smart, a le plaisir de vous inviter\u00a0le mercredi 21 mars de 16h45 \u00e0 19h \u00e0 un colloque sur le th\u00e8me \u00ab\u00a0La d\u00e9mocratie est-elle compatible avec l\u2019\u00e9conomie de march\u00e9\u00a0?\u00a0\u00bb<\/p>\n<div class=\"texte\">\n<p>Avec\u00a0:<br \/>\n<strong><img loading=\"lazy\" decoding=\"async\" class=\"puce\" src=\"http:\/\/www.les-scop.be\/local\/cache-vignettes\/L8xH11\/puce-32883.gif?1507429146\" alt=\"-\" width=\"8\" height=\"11\" \/>\u00a0David VAN REYBROUCK<\/strong>, journaliste et \u00e9crivain, auteur du livre\u00a0<i>Contre les \u00e9lections,<\/i>\u00a0<a class=\"spip_out\" href=\"https:\/\/www.youtube.com\/watch?v=Eog6OOcaOBk&amp;feature=youtu.be\" target=\"_blank\" rel=\"external\">son interview par Joseph Confavreux (Mediapart)<\/a><\/p>\n<p><strong><img loading=\"lazy\" decoding=\"async\" class=\"puce\" src=\"http:\/\/www.les-scop.be\/local\/cache-vignettes\/L8xH11\/puce-32883.gif?1507429146\" alt=\"-\" width=\"8\" height=\"11\" \/>\u00a0Sandrino GRACEFFA<\/strong>, administrateur d\u00e9l\u00e9gu\u00e9 de Smart, auteur du livre\u00a0<i>Refaire le monde du travail,<\/i>\u00a0<a class=\"spip_out\" href=\"https:\/\/www.youtube.com\/watch?v=fFJ8WNPSp_8&amp;feature=youtu.be\" target=\"_blank\" rel=\"external\">son intervention lors du d\u00e9bat \u00ab\u00a0Changer le monde du travail\u00a0\u00bb (NPG)<\/a><\/p>\n<p><img loading=\"lazy\" decoding=\"async\" class=\"puce\" src=\"http:\/\/www.les-scop.be\/local\/cache-vignettes\/L8xH11\/puce-32883.gif?1507429146\" alt=\"-\" width=\"8\" height=\"11\" \/><strong>\u00a0Steven VANCRAESBEEK<\/strong>, Pr\u00e9sident de Thuisverpleging Meerdael,\u00a0<a class=\"spip_out\" href=\"https:\/\/www.youtube.com\/watch?time_continue=6&amp;v=FN0rORqgqMA\" target=\"_blank\" rel=\"external\">le reportage \u00ab\u00a0Co\u00f6peraties zitten in de lift\u00a0\u00bb (De Redactie)<\/a><\/p>\n<p><strong><img loading=\"lazy\" decoding=\"async\" class=\"puce\" src=\"http:\/\/www.les-scop.be\/local\/cache-vignettes\/L8xH11\/puce-32883.gif?1507429146\" alt=\"-\" width=\"8\" height=\"11\" \/>\u00a0Francisco GOME<\/strong>Z et <strong>Fran\u00e7ois MOENS<\/strong>, coop\u00e9rateurs-fondateurs de Difrenotech,\u00a0<a class=\"spip_out\" href=\"https:\/\/www.rtc.be\/difrenotech_une_cooperative_pour_sauver_une_entreprise_-1497141-999-325.html\" target=\"_blank\" rel=\"external\">le reportage \u00ab\u00a0Une coop\u00e9rative pour sauver une entreprise\u00a0\u00bb (RTC)<\/a><\/p>\n<p>&nbsp;<\/p>\n<p><a href=\"http:\/\/www.les-scop.be\/IMG\/png\/printempsscop.png\">D\u00e9couvrir le programme complet<\/a><\/p>\n<p>&nbsp;<\/p>\n<p><strong>Rejoignez-nous le\u00a0mercredi 21 mars de 16h45 \u00e0 19h!<\/strong><\/p>\n<p><strong><a class=\"spip_out\" href=\"https:\/\/event.icedd.be\/E1\/index.php\/fr\/questionnaires\/21-03-18-printemps-des-scop\" target=\"_blank\" rel=\"external\">S&rsquo;inscrire<\/a><\/strong><\/p>\n<p>&nbsp;<\/p>\n<\/div>\n<p><b>Acc\u00e8s :<\/b>\u00a0Smart, rue Coenraets 72 &#8211; 1060 Bruxelles<\/p>\n<p><strong>Plus d&rsquo;infos :<\/strong>\u00a0<a href=\"&#x64;&#x67;&#x40;&#x6c;&#x65;&#x73;&#x2d;&#x73;&#x63;&#x6f;&#x70;&#x2e;&#x62;&#x65;\">Didier GOETGHEBUER<\/a>\u00a0\u00a0(0) 472 83 61 46<\/p>","protected":false},"excerpt":{"rendered":"<p>Pour la troisi\u00e8me \u00e9dition du Printemps des SCOP, l\u2019Union des SCOP Wallonie-Bruxelles, en partenariat avec Smart, a le plaisir de vous inviter\u00a0le mercredi 21 mars de 16h45 \u00e0 19h \u00e0 un colloque sur le th\u00e8me \u00ab\u00a0La d\u00e9mocratie est-elle compatible avec &hellip;<\/p>\n","protected":false},"author":56,"featured_media":22659,"comment_status":"closed","ping_status":"closed","sticky":false,"template":"","format":"standard","meta":{"footnotes":""},"categories":[24],"tags":[],"class_list":["post-22658","post","type-post","status-publish","format-standard","has-post-thumbnail","hentry","category-evenements"],"aioseo_notices":[],"_links":{"self":[{"href":"https:\/\/smartbe.be\/fr\/wp-json\/wp\/v2\/posts\/22658","targetHints":{"allow":["GET"]}}],"collection":[{"href":"https:\/\/smartbe.be\/fr\/wp-json\/wp\/v2\/posts"}],"about":[{"href":"https:\/\/smartbe.be\/fr\/wp-json\/wp\/v2\/types\/post"}],"author":[{"embeddable":true,"href":"https:\/\/smartbe.be\/fr\/wp-json\/wp\/v2\/users\/56"}],"replies":[{"embeddable":true,"href":"https:\/\/smartbe.be\/fr\/wp-json\/wp\/v2\/comments?post=22658"}],"version-history":[{"count":4,"href":"https:\/\/smartbe.be\/fr\/wp-json\/wp\/v2\/posts\/22658\/revisions"}],"predecessor-version":[{"id":22676,"href":"https:\/\/smartbe.be\/fr\/wp-json\/wp\/v2\/posts\/22658\/revisions\/22676"}],"wp:featuredmedia":[{"embeddable":true,"href":"https:\/\/smartbe.be\/fr\/wp-json\/wp\/v2\/media\/22659"}],"wp:attachment":[{"href":"https:\/\/smartbe.be\/fr\/wp-json\/wp\/v2\/media?parent=22658"}],"wp:term":[{"taxonomy":"category","embeddable":true,"href":"https:\/\/smartbe.be\/fr\/wp-json\/wp\/v2\/categories?post=22658"},{"taxonomy":"post_tag","embeddable":true,"href":"https:\/\/smartbe.be\/fr\/wp-json\/wp\/v2\/tags?post=22658"}],"curies":[{"name":"wp","href":"https:\/\/api.w.org\/{rel}","templated":true}]}}