
{"id":22427,"date":"2018-02-19T12:34:46","date_gmt":"2018-02-19T11:34:46","guid":{"rendered":"http:\/\/smartbe.be\/?p=22427\/"},"modified":"2018-03-19T09:31:12","modified_gmt":"2018-03-19T08:31:12","slug":"conference-wire-rencontre-finale","status":"publish","type":"post","link":"https:\/\/smartbe.be\/fr\/news\/conference-wire-rencontre-finale\/","title":{"rendered":"16\/03 &#8211; Conf\u00e9rence finale I-WIRE"},"content":{"rendered":"<p>&nbsp;<\/p>\n<p>Le 16 mars prochain aura lieu \u00e0 Bruxelles la\u00a0<strong>conf\u00e9rence finale du projet\u00a0<a href=\"http:\/\/www.i-wire.eu\/\">I-WIRE<\/a>\u00a0<\/strong>(Independent Workers and the Industrial Relations in Europe).<\/p>\n<p>L&rsquo;objectif de ce projet auquel Smart participe est d&rsquo;<strong>analyser\u00a0les\u00a0besoins nouveaux <\/strong><strong>des <\/strong><strong>travailleurs autonomes<\/strong>\u00a0et de rendre compte des bonnes pratiques en terme de repr\u00e9sentation de ces travailleurs par les syndicats, les quasi-syndicats et les interm\u00e9diaires du march\u00e9 du travail \u00e0 travers 7\u00a0pays europ\u00e9ens.<\/p>\n<p>Cette recherche, mise sur place en avril 2016 afin d&rsquo;am\u00e9liorer l&rsquo;expertise dans le domaine des relations industrielles, est financ\u00e9e par la Direction G\u00e9n\u00e9rale Emploi et affaires sociales de la Commission Europ\u00e9enne.<\/p>\n<p><a href=\"http:\/\/www.i-wire.eu\/\">En savoir plus sur le projet<\/a><\/p>\n<p>Au programme de cette journ\u00e9e, il y aura bien s\u00fbr la pr\u00e9sentation des r\u00e9sultats du projet (et de l\u2019enqu\u00eate), ainsi que des interventions d\u2019acteurs et parties prenantes de haut vol.<\/p>\n<p><a href=\"https:\/\/smartbe.be\/wp-content\/uploads\/2018\/02\/iwire_program_color.pdf?utm_source=2018-+I+WIRE&amp;utm_campaign=92962e9c59-EMAIL_CAMPAIGN_2018_02_02&amp;utm_medium=email&amp;utm_term=0_475c052df2-92962e9c59-\">T\u00e9l\u00e9charger le programme complet<\/a><\/p>\n<p>Cette journ\u00e9e de conf\u00e9rence aura lieu en anglais et est gratuite. Vous \u00eates les bienvenus&#8230;<\/p>\n<p>&nbsp;<\/p>\n<p><strong>Rejoignez-nous le 16 mars 2018 de 9:30&gt;17:30<\/strong><\/p>\n<p><a href=\"https:\/\/docs.google.com\/forms\/d\/1VI3Mggh5Q8_CZnI9nE3jxYUJ_vP7YiLFBozMvDVHuK4\/edit\"><strong>S&rsquo;inscrire \u00e0 la\u00a0conf\u00e9rence<\/strong><\/a><\/p>\n<p><strong>Acc\u00e8s :<\/strong>\u00a0Smart, rue Coenraets 72,\u00a0\u00a01060 Saint-Gilles<\/p>\n<p><strong>Plus d&rsquo;infos :<\/strong>\u00a0<a href=\"mailto:&#x72;&#x69;&#x73;&#x40;&#x73;&#x6d;&#x61;&#x72;&#x74;&#x2e;&#x63;&#x6f;&#x6f;&#x70;\">&#x72;&#x69;&#x73;&#x40;<span class=\"oe_displaynone\">null<\/span>&#x73;&#x6d;&#x61;&#x72;&#x74;&#x2e;&#x63;&#x6f;&#x6f;&#x70;<\/a><\/p>","protected":false},"excerpt":{"rendered":"<p>&nbsp; Le 16 mars prochain aura lieu \u00e0 Bruxelles la\u00a0conf\u00e9rence finale du projet\u00a0I-WIRE\u00a0(Independent Workers and the Industrial Relations in Europe). L&rsquo;objectif de ce projet auquel Smart participe est d&rsquo;analyser\u00a0les\u00a0besoins nouveaux des travailleurs autonomes\u00a0et de rendre compte des bonnes pratiques en &hellip;<\/p>\n","protected":false},"author":56,"featured_media":22428,"comment_status":"closed","ping_status":"closed","sticky":false,"template":"","format":"standard","meta":{"footnotes":""},"categories":[24],"tags":[],"class_list":["post-22427","post","type-post","status-publish","format-standard","has-post-thumbnail","hentry","category-evenements"],"aioseo_notices":[],"_links":{"self":[{"href":"https:\/\/smartbe.be\/fr\/wp-json\/wp\/v2\/posts\/22427","targetHints":{"allow":["GET"]}}],"collection":[{"href":"https:\/\/smartbe.be\/fr\/wp-json\/wp\/v2\/posts"}],"about":[{"href":"https:\/\/smartbe.be\/fr\/wp-json\/wp\/v2\/types\/post"}],"author":[{"embeddable":true,"href":"https:\/\/smartbe.be\/fr\/wp-json\/wp\/v2\/users\/56"}],"replies":[{"embeddable":true,"href":"https:\/\/smartbe.be\/fr\/wp-json\/wp\/v2\/comments?post=22427"}],"version-history":[{"count":7,"href":"https:\/\/smartbe.be\/fr\/wp-json\/wp\/v2\/posts\/22427\/revisions"}],"predecessor-version":[{"id":22435,"href":"https:\/\/smartbe.be\/fr\/wp-json\/wp\/v2\/posts\/22427\/revisions\/22435"}],"wp:featuredmedia":[{"embeddable":true,"href":"https:\/\/smartbe.be\/fr\/wp-json\/wp\/v2\/media\/22428"}],"wp:attachment":[{"href":"https:\/\/smartbe.be\/fr\/wp-json\/wp\/v2\/media?parent=22427"}],"wp:term":[{"taxonomy":"category","embeddable":true,"href":"https:\/\/smartbe.be\/fr\/wp-json\/wp\/v2\/categories?post=22427"},{"taxonomy":"post_tag","embeddable":true,"href":"https:\/\/smartbe.be\/fr\/wp-json\/wp\/v2\/tags?post=22427"}],"curies":[{"name":"wp","href":"https:\/\/api.w.org\/{rel}","templated":true}]}}