
{"id":22301,"date":"2018-02-02T14:37:45","date_gmt":"2018-02-02T13:37:45","guid":{"rendered":"http:\/\/smartbe.be\/?p=22301\/"},"modified":"2018-02-08T15:19:46","modified_gmt":"2018-02-08T14:19:46","slug":"702-petit-dejeuner-filiere-formateurs","status":"publish","type":"post","link":"https:\/\/smartbe.be\/fr\/news\/702-petit-dejeuner-filiere-formateurs\/","title":{"rendered":"7\/02 &#8211; Petit-d\u00e9jeuner  :   Fili\u00e8re formateurs"},"content":{"rendered":"<p>Pour faire suite \u00e0\u00a0la rencontre organis\u00e9e le 14 d\u00e9cembre et afin de concr\u00e9tiser la formation \u00e9ventuelle d\u2019une fili\u00e8re formateurs, nous organisons\u00a0un\u00a0<strong>petit-d\u00e9jeuner<\/strong>\u00a0dans nos locaux \u00e0 Bruxelles, le mercredi 7 f\u00e9vrier, de 9h30 \u00e0 11h.<\/p>\n<p>L\u2019id\u00e9e de la cr\u00e9ation d\u2019une fili\u00e8re permettrait de se r\u00e9unir r\u00e9guli\u00e8rement, d\u2019\u00e9changer et de mettre en place d\u2019\u00e9ventuelles collaborations.<\/p>\n<p>Cela suscite, chez vous aussi, un vif int\u00e9r\u00eat?<\/p>\n<p>Quels sont vos besoins? Quels sont les outils et les moyens que l\u2019\u00c9quipe Purple et Smart peuvent mettre \u00e0 votre disposition?<\/p>\n<p>Venez \u00a0partager un caf\u00e9 et un croissant avec nous et discutons-en!<\/p>\n<p>Merci d&rsquo;envoyer un mail \u00e0 l\u2019adresse\u00a0<a href=\"mailto:&#x70;&#x75;&#x72;&#x70;&#x6c;&#x65;&#x40;&#x73;&#x6d;&#x61;&#x72;&#x74;&#x2e;&#x63;&#x6f;&#x6f;&#x70;\" target=\"_blank\">&#x70;&#x75;&#x72;&#x70;&#x6c;&#x65;&#x40;<span class=\"oe_displaynone\">null<\/span>&#x73;&#x6d;&#x61;&#x72;&#x74;&#x2e;&#x63;&#x6f;&#x6f;&#x70;<\/a>\u00a0afin de nous pr\u00e9venir de votre pr\u00e9sence.<\/p>","protected":false},"excerpt":{"rendered":"<p>Pour faire suite \u00e0\u00a0la rencontre organis\u00e9e le 14 d\u00e9cembre et afin de concr\u00e9tiser la formation \u00e9ventuelle d\u2019une fili\u00e8re formateurs, nous organisons\u00a0un\u00a0petit-d\u00e9jeuner\u00a0dans nos locaux \u00e0 Bruxelles, le mercredi 7 f\u00e9vrier, de 9h30 \u00e0 11h. L\u2019id\u00e9e de la cr\u00e9ation d\u2019une fili\u00e8re permettrait &hellip;<\/p>\n","protected":false},"author":56,"featured_media":22302,"comment_status":"closed","ping_status":"closed","sticky":false,"template":"","format":"standard","meta":{"footnotes":""},"categories":[24],"tags":[],"class_list":["post-22301","post","type-post","status-publish","format-standard","has-post-thumbnail","hentry","category-evenements"],"aioseo_notices":[],"_links":{"self":[{"href":"https:\/\/smartbe.be\/fr\/wp-json\/wp\/v2\/posts\/22301","targetHints":{"allow":["GET"]}}],"collection":[{"href":"https:\/\/smartbe.be\/fr\/wp-json\/wp\/v2\/posts"}],"about":[{"href":"https:\/\/smartbe.be\/fr\/wp-json\/wp\/v2\/types\/post"}],"author":[{"embeddable":true,"href":"https:\/\/smartbe.be\/fr\/wp-json\/wp\/v2\/users\/56"}],"replies":[{"embeddable":true,"href":"https:\/\/smartbe.be\/fr\/wp-json\/wp\/v2\/comments?post=22301"}],"version-history":[{"count":7,"href":"https:\/\/smartbe.be\/fr\/wp-json\/wp\/v2\/posts\/22301\/revisions"}],"predecessor-version":[{"id":22311,"href":"https:\/\/smartbe.be\/fr\/wp-json\/wp\/v2\/posts\/22301\/revisions\/22311"}],"wp:featuredmedia":[{"embeddable":true,"href":"https:\/\/smartbe.be\/fr\/wp-json\/wp\/v2\/media\/22302"}],"wp:attachment":[{"href":"https:\/\/smartbe.be\/fr\/wp-json\/wp\/v2\/media?parent=22301"}],"wp:term":[{"taxonomy":"category","embeddable":true,"href":"https:\/\/smartbe.be\/fr\/wp-json\/wp\/v2\/categories?post=22301"},{"taxonomy":"post_tag","embeddable":true,"href":"https:\/\/smartbe.be\/fr\/wp-json\/wp\/v2\/tags?post=22301"}],"curies":[{"name":"wp","href":"https:\/\/api.w.org\/{rel}","templated":true}]}}