
{"id":22268,"date":"2018-01-31T12:39:23","date_gmt":"2018-01-31T11:39:23","guid":{"rendered":"http:\/\/smartbe.be\/?p=22268\/"},"modified":"2018-02-20T11:04:13","modified_gmt":"2018-02-20T10:04:13","slug":"2002-midi-smart-co-working-spaces-tiers-lieux-creative-hubs","status":"publish","type":"post","link":"https:\/\/smartbe.be\/fr\/news\/2002-midi-smart-co-working-spaces-tiers-lieux-creative-hubs\/","title":{"rendered":"20\/02 &#8211; Midi-Smart : Co-working spaces, tiers-lieux and creative hubs"},"content":{"rendered":"<header class=\"page-leader\">\n<p class=\"post-title\"><\/p>\n<p class=\"post-title\">Vous voulez en savoir davantage?\u00a0 Vous \u00eates\u00a0 les <strong>bienvenus<\/strong>\u00a0pour rencontrer les responsables de ces espaces lors du Midi-Smart du mardi 20\/02 entre 12:30 et 14:00.<\/p>\n<p class=\"post-title\"><strong>Pierre Pev\u00e9e<\/strong> (LaVall\u00e9e, BXL),<strong> Lieza Dessein<\/strong> (BAF, BXL), <strong>Emily Lecourtois<\/strong> (Lille, FR), <strong>J\u00f6rg Zimmerman<\/strong> (projet CHE- l&rsquo;eur\u00e9gio Meuse-Rhin), <strong>Agn\u00e8s Grayet<\/strong> (CCT Li\u00e8ge- Dynamo Coop) et <strong>Olivier Desclez<\/strong> (Centre des Belneux, Mons) vous pr\u00e9senteront un \u00e9tat des lieux de nos espaces d\u00e9velopp\u00e9s depuis plusieurs ann\u00e9es, qui sont n\u00e9s d&rsquo;une demande de nos soci\u00e9taires et qui ont \u00e9volu\u00e9 selon leurs besoins.<\/p>\n<\/header>\n<div id=\"page\">\n<div id=\"main\" class=\"clear-block no-header-blocks\">\n<div id=\"content\">\n<div id=\"content-inner\">\n<div id=\"content-area\">\n<div id=\"node-25765\" class=\"node node-type-news\">\n<div class=\"node-inner-0\">\n<div class=\"node-inner-1\">\n<div class=\"node-inner-2\">\n<div class=\"node-inner-3\">\n<div class=\"content clearfix\">\n<blockquote>\n<h5>Philippe,\u00a0r\u00e9sident \u00e0\u00a0la BAF: <em>\u00ab\u00a0Avant de travailler \u00e0 la BAF, je restais chez moi en pyjama et je buvais trop de caf\u00e9. Depuis que je partage mon studio de photo avec d&rsquo;autres, j&rsquo;ai d\u00e9croch\u00e9 plus de jobs, je suis habill\u00e9 et je me sens soutenu par mes pairs.\u00a0\u00bb<\/em><\/h5>\n<\/blockquote>\n<p>Le principe des Midi-Smart, c\u2019est de <strong>partager<\/strong> de mani\u00e8re informelle nos r\u00e9flexions actuelles et cela, pendant la pause de midi!<\/p>\n<p><a class=\"ext\" href=\"https:\/\/docs.google.com\/forms\/d\/e\/1FAIpQLSfkWjZoQE6plflfBWQAiVn3jpso7YuaBrNvygYcqwQgfN3z6A\/viewform?c=0&amp;w=1\" target=\"_blank\">Inscrivez-vous et commandez votre sandwich<\/a><\/p>\n<p>\u00c0 bient\u00f4t!<\/p>\n<p><strong>Rejoignez-nous<\/strong>\u00a0le mardi midi, 20\/02\/2018, 12:30&gt;14:00<\/p>\n<div class=\"article clearfix\">\n<p><strong>Acc\u00e8s :<\/strong>\u00a072 rue Coenraets 1060 Bruxelles (\u00e0 deux pas de la Porte de Hal)<\/p>\n<p><strong>Des questions :\u00a0<a href=\"mailto:&#x63;&#x6f;&#x6d;&#x40;&#x73;&#x6d;&#x61;&#x72;&#x74;&#x2e;&#x63;&#x6f;&#x6f;&#x70;\">&#x63;&#x6f;&#x6d;&#x40;<span class=\"oe_displaynone\">null<\/span>&#x73;&#x6d;&#x61;&#x72;&#x74;&#x2e;&#x63;&#x6f;&#x6f;&#x70;<\/a><\/strong><\/p>\n<\/div>\n<\/div>\n<\/div>\n<\/div>\n<\/div>\n<\/div>\n<\/div>\n<\/div>\n<\/div>\n<\/div>\n<\/div>\n<\/div>","protected":false},"excerpt":{"rendered":"<p>Vous voulez en savoir davantage?\u00a0 Vous \u00eates\u00a0 les bienvenus\u00a0pour rencontrer les responsables de ces espaces lors du Midi-Smart du mardi 20\/02 entre 12:30 et 14:00. Pierre Pev\u00e9e (LaVall\u00e9e, BXL), Lieza Dessein (BAF, BXL), Emily Lecourtois (Lille, FR), J\u00f6rg Zimmerman (projet &hellip;<\/p>\n","protected":false},"author":56,"featured_media":21684,"comment_status":"closed","ping_status":"closed","sticky":false,"template":"","format":"standard","meta":{"footnotes":""},"categories":[24,26],"tags":[],"class_list":["post-22268","post","type-post","status-publish","format-standard","has-post-thumbnail","hentry","category-evenements","category-temoignages"],"aioseo_notices":[],"_links":{"self":[{"href":"https:\/\/smartbe.be\/fr\/wp-json\/wp\/v2\/posts\/22268","targetHints":{"allow":["GET"]}}],"collection":[{"href":"https:\/\/smartbe.be\/fr\/wp-json\/wp\/v2\/posts"}],"about":[{"href":"https:\/\/smartbe.be\/fr\/wp-json\/wp\/v2\/types\/post"}],"author":[{"embeddable":true,"href":"https:\/\/smartbe.be\/fr\/wp-json\/wp\/v2\/users\/56"}],"replies":[{"embeddable":true,"href":"https:\/\/smartbe.be\/fr\/wp-json\/wp\/v2\/comments?post=22268"}],"version-history":[{"count":14,"href":"https:\/\/smartbe.be\/fr\/wp-json\/wp\/v2\/posts\/22268\/revisions"}],"predecessor-version":[{"id":22416,"href":"https:\/\/smartbe.be\/fr\/wp-json\/wp\/v2\/posts\/22268\/revisions\/22416"}],"wp:featuredmedia":[{"embeddable":true,"href":"https:\/\/smartbe.be\/fr\/wp-json\/wp\/v2\/media\/21684"}],"wp:attachment":[{"href":"https:\/\/smartbe.be\/fr\/wp-json\/wp\/v2\/media?parent=22268"}],"wp:term":[{"taxonomy":"category","embeddable":true,"href":"https:\/\/smartbe.be\/fr\/wp-json\/wp\/v2\/categories?post=22268"},{"taxonomy":"post_tag","embeddable":true,"href":"https:\/\/smartbe.be\/fr\/wp-json\/wp\/v2\/tags?post=22268"}],"curies":[{"name":"wp","href":"https:\/\/api.w.org\/{rel}","templated":true}]}}