
{"id":22161,"date":"2018-01-09T15:06:40","date_gmt":"2018-01-09T14:06:40","guid":{"rendered":"http:\/\/smartbe.be\/?p=22161\/"},"modified":"2018-02-20T11:04:43","modified_gmt":"2018-02-20T10:04:43","slug":"appel-candidatures-photographes-mai-68-mons-2018","status":"publish","type":"post","link":"https:\/\/smartbe.be\/fr\/news\/appel-candidatures-photographes-mai-68-mons-2018\/","title":{"rendered":"Appel \u00e0 projets : Photo \u00ab\u00a0Mai 68 &#8211; Mons 2018\u00a0\u00bb"},"content":{"rendered":"<p>\u00c0 l&rsquo;occasion des cinquante ans de Mai 68, Smart souhaite une interpr\u00e9tation visuelle issue de\u00a0r\u00e9flexions concernant le monde du travail, la (d\u00e9)croissance \u00e9conomique et sociale, la lutte des classes, les liens de subordination dans le travail, les rapports \u00e0 l\u2019autorit\u00e9\u2026<\/p>\n<p>Les photographies r\u00e9alis\u00e9es dans le cadre de cet appel \u00e0 projets seront expos\u00e9es \u00e0 Harveng et \u00e0 Mons.<\/p>\n<p>Un\u00a0jury, compos\u00e9 de professionnels du monde de l\u2019art, de Smart et la Fondation Mons 2025, s\u00e9lectionnera\u00a03 photographes qui seront invit\u00e9s \u00e0 participer \u00e0 diff\u00e9rents \u00e9v\u00e9nements\u00a0photographiques\u00a0li\u00e9s aux expositions.<\/p>\n<h2>Agenda:<\/h2>\n<p><strong>\u2022 11-02-18 :<\/strong> Dernier jour de r\u00e9ception des candidatures<br \/>\n<strong>\u2022 06-03-18 :<\/strong> Rencontre des photographes s\u00e9lectionn\u00e9s, briefing, r\u00e9flexion et recherche<br \/>\n<strong>\u2022 19-03-18 :<\/strong> <a href=\"https:\/\/smartbe.be\/fr\/services\/formation\/sujets\/photographie-droits-dauteur-et-droit-limage\/\">Formation \u00ab Droit \u00e0 l\u2019image \u00bb par Dirk Vervenne<\/a><br \/>\n<strong>\u2022 28-04-18 :<\/strong> Intervention photographique \u00e0 Harveng lors du <a href=\"http:\/\/www.mons2025.eu\/fr\/le-grand-huit-revient-pr%C3%A8s-de-chez-vous\">week-end festif Flower Power du Grand Huit<\/a><br \/>\n<strong>\u2022 Du 18-05 au 29-09-18 :<\/strong> Exposition dans les bureaux de Smart au Centre de Cr\u00e9ation des Belneux \u00e0 Mons<br \/>\n<strong>\u2022 29-09-18 :<\/strong> D\u00e9vernissage de l&rsquo;exposition et d\u00e9bat \u00ab le monde du travail \u00bb anim\u00e9 par Smart au centre de Cr\u00e9ation des Belneux \u2013 Mons<\/p>\n<p>&nbsp;<\/p>\n<h2>Plus d&rsquo;infos:<\/h2>\n<p>T\u00e9l\u00e9chargez <a href=\"https:\/\/smartbe.be\/wordpress\/..\/wp-content\/uploads\/2018\/01\/Appel_6818.pdf\">l\u2019appel \u00e0 projets<\/a>\u00a0ou contactez l&rsquo;\u00e9quipe Smart de Mons, Benoit Dumortier : <a href=\"mailto:&#x64;&#x75;&#x62;&#x40;&#x73;&#x6d;&#x61;&#x72;&#x74;&#x2e;&#x63;&#x6f;&#x6f;&#x70;\">&#x64;&#x75;&#x62;&#x40;<span class=\"oe_displaynone\">null<\/span>&#x73;&#x6d;&#x61;&#x72;&#x74;&#x2e;&#x63;&#x6f;&#x6f;&#x70;<\/a><\/p>","protected":false},"excerpt":{"rendered":"<p>\u00c0 l&rsquo;occasion des cinquante ans de Mai 68, Smart souhaite une interpr\u00e9tation visuelle issue de\u00a0r\u00e9flexions concernant le monde du travail, la (d\u00e9)croissance \u00e9conomique et sociale, la lutte des classes, les liens de subordination dans le travail, les rapports \u00e0 l\u2019autorit\u00e9\u2026 &hellip;<\/p>\n","protected":false},"author":56,"featured_media":22178,"comment_status":"closed","ping_status":"closed","sticky":false,"template":"","format":"standard","meta":{"footnotes":""},"categories":[153],"tags":[],"class_list":["post-22161","post","type-post","status-publish","format-standard","has-post-thumbnail","hentry","category-appel-a-projets"],"aioseo_notices":[],"_links":{"self":[{"href":"https:\/\/smartbe.be\/fr\/wp-json\/wp\/v2\/posts\/22161","targetHints":{"allow":["GET"]}}],"collection":[{"href":"https:\/\/smartbe.be\/fr\/wp-json\/wp\/v2\/posts"}],"about":[{"href":"https:\/\/smartbe.be\/fr\/wp-json\/wp\/v2\/types\/post"}],"author":[{"embeddable":true,"href":"https:\/\/smartbe.be\/fr\/wp-json\/wp\/v2\/users\/56"}],"replies":[{"embeddable":true,"href":"https:\/\/smartbe.be\/fr\/wp-json\/wp\/v2\/comments?post=22161"}],"version-history":[{"count":16,"href":"https:\/\/smartbe.be\/fr\/wp-json\/wp\/v2\/posts\/22161\/revisions"}],"predecessor-version":[{"id":22386,"href":"https:\/\/smartbe.be\/fr\/wp-json\/wp\/v2\/posts\/22161\/revisions\/22386"}],"wp:featuredmedia":[{"embeddable":true,"href":"https:\/\/smartbe.be\/fr\/wp-json\/wp\/v2\/media\/22178"}],"wp:attachment":[{"href":"https:\/\/smartbe.be\/fr\/wp-json\/wp\/v2\/media?parent=22161"}],"wp:term":[{"taxonomy":"category","embeddable":true,"href":"https:\/\/smartbe.be\/fr\/wp-json\/wp\/v2\/categories?post=22161"},{"taxonomy":"post_tag","embeddable":true,"href":"https:\/\/smartbe.be\/fr\/wp-json\/wp\/v2\/tags?post=22161"}],"curies":[{"name":"wp","href":"https:\/\/api.w.org\/{rel}","templated":true}]}}