
{"id":21577,"date":"2017-11-17T10:53:25","date_gmt":"2017-11-17T09:53:25","guid":{"rendered":"http:\/\/smartbe.be\/?p=21577\/"},"modified":"2017-11-17T14:24:32","modified_gmt":"2017-11-17T13:24:32","slug":"les-coursiers-velo-gravissent-le-sommet-de-goteborg","status":"publish","type":"post","link":"https:\/\/smartbe.be\/fr\/news\/les-coursiers-velo-gravissent-le-sommet-de-goteborg\/","title":{"rendered":"Socle europ\u00e9en des droits sociaux"},"content":{"rendered":"<p>Un sommet europ\u00e9en se tient ce vendredi 17 novembre \u00e0 Goteborg en Su\u00e8de.\u00a0Au programme\u00a0: la signature d\u2019un <a href=\"https:\/\/ec.europa.eu\/commission\/priorities\/deeper-and-fairer-economic-and-monetary-union\/european-pillar-social-rights_fr\">socle europ\u00e9en des droits sociaux<\/a>, une liste de vingt principes d\u00e9clin\u00e9e autour de plusieurs th\u00e8mes (\u00e9galit\u00e9 des chances et acc\u00e8s au march\u00e9 du travail, conditions de travail \u00e9quitables, protection sociale et inclusion sociale).<\/p>\n<p><strong><a href=\"http:\/\/plus.lesoir.be\/124624\/article\/2017-11-16\/carte-blanche-sur-le-sommet-social-europeen-les-coursiers-velo-gravissent-le\">Retrouvez la carte blanche de Sandrino Graceffa, Administrateur d\u00e9l\u00e9gu\u00e9 de Smart,\u00a0publi\u00e9e dans\u00a0le journal Le Soir, au sujet du socle europ\u00e9en des droits sociaux<\/a>.<\/strong><\/p>\n<p><strong>Publications, documents pour mieux appr\u00e9hender la question:<\/strong><\/p>\n<ul>\n<li><a href=\"https:\/\/smartbe.be\/wp-content\/uploads\/2017\/11\/R%C3%A9ponse-Smart-au-SEDS.pdf\">R\u00e9ponse de Smart \u00e0 la consultation de la Commission europ\u00e9enne\u00a0sur le socle europ\u00e9en de droits sociaux<\/a><\/li>\n<li><a href=\"http:\/\/www.pourlasolidarite.eu\/fr\/publication\/face-aux-nouvelles-formes-demploi-quelles-reponses-au-plan-europeen?utm_source=Newsletter&amp;utm_campaign=4e02e8ca08-PLS+2017-04+Publications&amp;utm_medium=email&amp;utm_term=0_a21b878e87-4e02e8ca08-89216269\">Face aux nouvelles formes d&#8217;emploi, quelles r\u00e9ponses au plan europ\u00e9en ?<\/a>\u00a0(Pascale Charhon)<\/li>\n<li><a href=\"http:\/\/editionsrepas.free.fr\/editions-repas-livre-refaire-le-monde-du-travail.html\">Refaire le monde\u2026du travail, une alternative \u00e0 l\u2019ub\u00e9risation de l\u2019\u00e9conomie <\/a>(Sandrino Graceffa)<\/li>\n<li><a href=\"https:\/\/smartbe.be\/fr\/comprendre\/publications\/education-permanente\/repenser-la-securite-sociale\/\">Repenser la s\u00e9curit\u00e9 sociale<\/a> (Jef Van Langendonck)<\/li>\n<\/ul>","protected":false},"excerpt":{"rendered":"<p>Un sommet europ\u00e9en se tient ce vendredi 17 novembre \u00e0 Goteborg en Su\u00e8de.\u00a0Au programme\u00a0: la signature d\u2019un socle europ\u00e9en des droits sociaux, une liste de vingt principes d\u00e9clin\u00e9e autour de plusieurs th\u00e8mes (\u00e9galit\u00e9 des chances et acc\u00e8s au march\u00e9 du &hellip;<\/p>\n","protected":false},"author":54,"featured_media":21604,"comment_status":"closed","ping_status":"closed","sticky":false,"template":"","format":"standard","meta":{"footnotes":""},"categories":[151],"tags":[],"class_list":["post-21577","post","type-post","status-publish","format-standard","has-post-thumbnail","hentry","category-info"],"aioseo_notices":[],"_links":{"self":[{"href":"https:\/\/smartbe.be\/fr\/wp-json\/wp\/v2\/posts\/21577","targetHints":{"allow":["GET"]}}],"collection":[{"href":"https:\/\/smartbe.be\/fr\/wp-json\/wp\/v2\/posts"}],"about":[{"href":"https:\/\/smartbe.be\/fr\/wp-json\/wp\/v2\/types\/post"}],"author":[{"embeddable":true,"href":"https:\/\/smartbe.be\/fr\/wp-json\/wp\/v2\/users\/54"}],"replies":[{"embeddable":true,"href":"https:\/\/smartbe.be\/fr\/wp-json\/wp\/v2\/comments?post=21577"}],"version-history":[{"count":13,"href":"https:\/\/smartbe.be\/fr\/wp-json\/wp\/v2\/posts\/21577\/revisions"}],"predecessor-version":[{"id":21616,"href":"https:\/\/smartbe.be\/fr\/wp-json\/wp\/v2\/posts\/21577\/revisions\/21616"}],"wp:featuredmedia":[{"embeddable":true,"href":"https:\/\/smartbe.be\/fr\/wp-json\/wp\/v2\/media\/21604"}],"wp:attachment":[{"href":"https:\/\/smartbe.be\/fr\/wp-json\/wp\/v2\/media?parent=21577"}],"wp:term":[{"taxonomy":"category","embeddable":true,"href":"https:\/\/smartbe.be\/fr\/wp-json\/wp\/v2\/categories?post=21577"},{"taxonomy":"post_tag","embeddable":true,"href":"https:\/\/smartbe.be\/fr\/wp-json\/wp\/v2\/tags?post=21577"}],"curies":[{"name":"wp","href":"https:\/\/api.w.org\/{rel}","templated":true}]}}