
{"id":21450,"date":"2017-11-08T10:05:05","date_gmt":"2017-11-08T09:05:05","guid":{"rendered":"http:\/\/smartbe.be\/?p=21450\/"},"modified":"2017-12-18T12:15:59","modified_gmt":"2017-12-18T11:15:59","slug":"1412-formateurs-freelances-reunissez-vous","status":"publish","type":"post","link":"https:\/\/smartbe.be\/fr\/news\/1412-formateurs-freelances-reunissez-vous\/","title":{"rendered":"14\/12 &#8211; Formateurs freelances, une fili\u00e8re \u00e0 former?"},"content":{"rendered":"<p>Pour \u00e9changer sur cette question, nous organisons une s\u00e9ance d&rsquo;information et de travail le <strong>14 d\u00e9cembre<\/strong> de 18 \u00e0 21 heures.\u00a0Cette s\u00e9ance\u00a0sera l\u2019occasion de vous pr\u00e9senter les r\u00e9sultats d\u2019une \u00e9tude sur les formateurs qui travaillent via Smart. Nous avons pu en dresser un portait socio\u00e9conomique, mieux conna\u00eetre leurs clients et les liens qu\u2019ils entretiennent.<\/p>\n<p><strong>Partagez votre exp\u00e9rience<\/strong> sur la mani\u00e8re dont vous percevez votre m\u00e9tier et les conditions dans lesquelles vous l\u2019exercez. Des \u00e9changes de pratiques vous seront propos\u00e9s sur des th\u00e9matiques telles que les modalit\u00e9s de recherche du travail, le contenu des formations, les m\u00e9thodes p\u00e9dagogiques, les contraintes rencontr\u00e9es&#8230;<\/p>\n<p>Enfin, nous vous pr\u00e9senterons des exp\u00e9riences d\u2019animation de fili\u00e8res, venues de Smart-France, qui permettent aux praticiens d\u2019un m\u00eame m\u00e9tier de partager et d\u2019am\u00e9liorer le cadre de leurs activit\u00e9s. Nous sommes persuad\u00e9s\u00a0que les travailleurs freelances pourraient tirer de nombreux avantages \u00e0 s\u2019organiser en fili\u00e8res professionnelles. C\u2019est pourquoi Smart vous propose, d\u2019animer ensemble, formateurs et accompagnateurs de projets, une <strong>fili\u00e8re \u00ab\u00a0formateurs\u00a0\u00bb<\/strong>.<\/p>\n<p>&nbsp;<\/p>\n<h3><strong>Le programme en d\u00e9tail<\/strong><\/h3>\n<p><strong>18h00 :<\/strong> Introduction \u2013 Service formation Smart<\/p>\n<p>Pr\u00e9sentation du Cahier <a href=\"https:\/\/smartbe.be\/fr\/comprendre\/publications\/education-permanente\/formation-professionnelle-et-formateurs-en-belgique-enjeux-et-perspectives-3\/\">\u00ab\u00a0Formation professionnelle et formateurs en Belgique. Enjeux et perspectives\u00a0\u00bb<\/a> \u2013 Carmelo VIRONE, charg\u00e9 du projet \u00c9ducation permanente chez Smart<\/p>\n<p><strong>18h15 :<\/strong> Le profil\u00a0 socio\u00e9conomique des formateurs travaillant via Smart \u2013 H\u00e9l\u00e9na RAJABALY, d\u00e9mographe<\/p>\n<p><strong>18h45 :<\/strong> Tables rondes\/ \u00c9changes de pratiques sur trois th\u00e9matiques, anim\u00e9es par une \u00e9quipe d\u2019accompagnateurs de Smart :<\/p>\n<ul>\n<li>Les modalit\u00e9s de recherche du travail : Comment trouvez-vous vos clients ? Avez-vous des donneurs d\u2019ordre r\u00e9guliers ?<\/li>\n<li>Le contenu des formations et les m\u00e9thodes p\u00e9dagogiques: Partagez-vous avec d\u2019autres formateurs sur ces points ?<\/li>\n<li>Les contraintes rencontr\u00e9es. Quelles solutions solidaires pour r\u00e9pondre \u00e0 ces contraintes ?<\/li>\n<\/ul>\n<p><strong>19h15 :<\/strong> Restitution des \u00e9changes<\/p>\n<p><strong>19h45 :<\/strong> Comment constituer une fili\u00e8re de formateurs ? \u2013\u00a0 Pauline COUSTOLS, Gestionnaire d\u2019activit\u00e9s de Smart en France &amp; Roger BURTON, Consultant politique Smart<\/p>\n<p><strong>20h30 :<\/strong> Drink<\/p>\n<p>&nbsp;<\/p>\n<h3><a href=\"https:\/\/docs.google.com\/forms\/d\/e\/1FAIpQLScLw1kVUL0NcX2Us3bdxw0lQomzdr2LhL-87ZqF8sa63Zi80Q\/viewform\"><strong>Inscrivez-vous\u00a0<\/strong><\/a><\/h3>\n<p><strong>Rejoignez-nous<\/strong> le jeudi 14 d\u00e9cembre de 18h \u00e0 21h<\/p>\n<p><strong>Acc\u00e8s :<\/strong> 72 rue Coenraets 1060 Bruxelles (\u00e0 deux pas de la Porte de Hal)<\/p>\n<p><strong>Des questions :\u00a0<a href=\"mailto:&#x66;&#x6f;&#x72;&#x6d;&#x61;&#x74;&#x69;&#x6f;&#x6e;&#x40;&#x73;&#x6d;&#x61;&#x72;&#x74;&#x2e;&#x63;&#x6f;&#x6f;&#x70;\">&#x66;&#x6f;&#x72;&#x6d;&#x61;&#x74;&#x69;&#x6f;&#x6e;&#x40;<span class=\"oe_displaynone\">null<\/span>&#x73;&#x6d;&#x61;&#x72;&#x74;&#x2e;&#x63;&#x6f;&#x6f;&#x70;<\/a><\/strong><\/p>","protected":false},"excerpt":{"rendered":"<p>Pour \u00e9changer sur cette question, nous organisons une s\u00e9ance d&rsquo;information et de travail le 14 d\u00e9cembre de 18 \u00e0 21 heures.\u00a0Cette s\u00e9ance\u00a0sera l\u2019occasion de vous pr\u00e9senter les r\u00e9sultats d\u2019une \u00e9tude sur les formateurs qui travaillent via Smart. Nous avons pu &hellip;<\/p>\n","protected":false},"author":56,"featured_media":21528,"comment_status":"closed","ping_status":"closed","sticky":false,"template":"","format":"standard","meta":{"footnotes":""},"categories":[151,24],"tags":[],"class_list":["post-21450","post","type-post","status-publish","format-standard","has-post-thumbnail","hentry","category-info","category-evenements"],"aioseo_notices":[],"_links":{"self":[{"href":"https:\/\/smartbe.be\/fr\/wp-json\/wp\/v2\/posts\/21450","targetHints":{"allow":["GET"]}}],"collection":[{"href":"https:\/\/smartbe.be\/fr\/wp-json\/wp\/v2\/posts"}],"about":[{"href":"https:\/\/smartbe.be\/fr\/wp-json\/wp\/v2\/types\/post"}],"author":[{"embeddable":true,"href":"https:\/\/smartbe.be\/fr\/wp-json\/wp\/v2\/users\/56"}],"replies":[{"embeddable":true,"href":"https:\/\/smartbe.be\/fr\/wp-json\/wp\/v2\/comments?post=21450"}],"version-history":[{"count":42,"href":"https:\/\/smartbe.be\/fr\/wp-json\/wp\/v2\/posts\/21450\/revisions"}],"predecessor-version":[{"id":21553,"href":"https:\/\/smartbe.be\/fr\/wp-json\/wp\/v2\/posts\/21450\/revisions\/21553"}],"wp:featuredmedia":[{"embeddable":true,"href":"https:\/\/smartbe.be\/fr\/wp-json\/wp\/v2\/media\/21528"}],"wp:attachment":[{"href":"https:\/\/smartbe.be\/fr\/wp-json\/wp\/v2\/media?parent=21450"}],"wp:term":[{"taxonomy":"category","embeddable":true,"href":"https:\/\/smartbe.be\/fr\/wp-json\/wp\/v2\/categories?post=21450"},{"taxonomy":"post_tag","embeddable":true,"href":"https:\/\/smartbe.be\/fr\/wp-json\/wp\/v2\/tags?post=21450"}],"curies":[{"name":"wp","href":"https:\/\/api.w.org\/{rel}","templated":true}]}}