
{"id":21065,"date":"2017-09-29T13:06:18","date_gmt":"2017-09-29T12:06:18","guid":{"rendered":"http:\/\/smartbe.be\/?p=21065\/"},"modified":"2017-10-10T10:21:11","modified_gmt":"2017-10-10T09:21:11","slug":"la-brussels-art-factory-baf-espace-de-travail-partage-fete-ses-six-ans-bxl-le-0610","status":"publish","type":"post","link":"https:\/\/smartbe.be\/fr\/news\/la-brussels-art-factory-baf-espace-de-travail-partage-fete-ses-six-ans-bxl-le-0610\/","title":{"rendered":"La Brussels Art Factory (BAF), espace de travail partag\u00e9, f\u00eate ses 6 ans, BXL le 06\/10"},"content":{"rendered":"<p>Pour c\u00e9l\u00e9brer ce sixi\u00e8me anniversaire, la BAF organise une <strong>exposition<\/strong> m\u00ealant photographies, peintures, s\u00e9rigraphies et sculptures. Rejoignez-nous d\u00e8s 18h pour le vernissage et d\u00e9couvrez des live printing, des wall painting et une <strong>exp\u00e9rience participative<\/strong> photographique\u2026 Et enfin, \u00e0 20h, place \u00e0 la f\u00eate avec <a href=\"https:\/\/www.facebook.com\/aleasav\/\">ALEA(s)<\/a> qui conclura la soir\u00e9e avec une<strong> performance<\/strong> d\u2019improvisation audiovisuelle.<\/p>\n<p>Ci-dessous, de quoi vous donner l\u2019eau \u00e0 la bouche!<\/p>\n<div class=\"video-container\"><iframe loading=\"lazy\" title=\"ALEA(s) - teaser\" width=\"584\" height=\"329\" src=\"https:\/\/www.youtube.com\/embed\/hNhRg54yQTs?feature=oembed\" frameborder=\"0\" allow=\"accelerometer; autoplay; clipboard-write; encrypted-media; gyroscope; picture-in-picture; web-share\" referrerpolicy=\"strict-origin-when-cross-origin\" allowfullscreen><\/iframe><\/div>\n<p>Espace de travail, de rencontre et de partage pour les cr\u00e9ateurs, la BAF est l\u2019un des cinq\u00a0<em>\u2018<a href=\"https:\/\/smartbe.be\/fr\/services\/espaces-de-creation\/\">creative hubs<\/a>\u2019<\/em>\u00a0g\u00e9r\u00e9 par Smart en Belgique.<\/p>\n<p>&nbsp;<\/p>\n<p><strong>Infos pratiques :\u00a0<\/strong><\/p>\n<p>Vendredi 6 octobre d\u00e8s 18h \u00a0&#8211; Brussels Art Factory (BAF), rue Coenraets 72 1060 Saint-Gilles<\/p>\n<p><strong>Artistes\u00a0:<\/strong> <a href=\"https:\/\/www.facebook.com\/martincoiffier\">Martin Coiffier<\/a> (photography),\u00a0 <a href=\"https:\/\/www.facebook.com\/jungamee\">Jung Ga Mee<\/a> (photography), <a href=\"https:\/\/www.facebook.com\/merab.surviladze\" data-hovercard=\"\/ajax\/hovercard\/user.php?id=1216353066&amp;extragetparams=%7B%22directed_target_id%22%3A338972703212832%7D\" data-hovercard-prefer-more-content-show=\"1\">Merab Surviladze<\/a>\u00a0(painting), <a href=\"https:\/\/www.facebook.com\/Arno.2bal\/\">Arno 2bal<\/a> (painting),\u00a0<a href=\"https:\/\/www.facebook.com\/Ice-Screen-549452095174062\/\" data-hovercard=\"\/ajax\/hovercard\/page.php?id=549452095174062&amp;extragetparams=%7B%22directed_target_id%22%3A338972703212832%7D\" data-hovercard-prefer-more-content-show=\"1\">Ice Screen<\/a>\u00a0 (silk screen), <a href=\"https:\/\/www.facebook.com\/GregDassArtiste\/\" data-hovercard=\"\/ajax\/hovercard\/page.php?id=1241274942554996&amp;extragetparams=%7B%22directed_target_id%22%3A338972703212832%7D\" data-hovercard-prefer-more-content-show=\"1\">Greg Dass<\/a>\u00a0 (sculpture), <a href=\"https:\/\/www.facebook.com\/FarmProd\/\">Farm Prod <\/a>(wall painting), <a href=\"https:\/\/www.facebook.com\/InYourBoxProject\/\">In Your Box Project<\/a>(photography experience), <a href=\"https:\/\/www.facebook.com\/FSTNdraw\/\">FSTN<\/a>(drawer), <a href=\"https:\/\/www.facebook.com\/reanimationcollective\/\">REANIMATION<\/a> (collective motion designer) \u00a0&amp; <a href=\"https:\/\/www.facebook.com\/shakmatmodular\/\">Shakmat Modular<\/a> (electronic musician)<\/p>\n<p><strong><a href=\"https:\/\/www.facebook.com\/events\/338972703212832\/?acontext=%7B%22action_history%22%3A%22[%7B%5C%22surface%5C%22%3A%5C%22page%5C%22%2C%5C%22mechanism%5C%22%3A%5C%22page_upcoming_events_card%5C%22%2C%5C%22extra_data%5C%22%3A[]%7D]%22%2C%22has_source%22%3Atrue%7D\">Plus d\u2019infos<\/a><\/strong><\/p>\n<p>&nbsp;<\/p>","protected":false},"excerpt":{"rendered":"<p>Pour c\u00e9l\u00e9brer ce sixi\u00e8me anniversaire, la BAF organise une exposition m\u00ealant photographies, peintures, s\u00e9rigraphies et sculptures. Rejoignez-nous d\u00e8s 18h pour le vernissage et d\u00e9couvrez des live printing, des wall painting et une exp\u00e9rience participative photographique\u2026 Et enfin, \u00e0 20h, place &hellip;<\/p>\n","protected":false},"author":56,"featured_media":21073,"comment_status":"closed","ping_status":"closed","sticky":false,"template":"","format":"standard","meta":{"footnotes":""},"categories":[24],"tags":[],"class_list":["post-21065","post","type-post","status-publish","format-standard","has-post-thumbnail","hentry","category-evenements"],"aioseo_notices":[],"_links":{"self":[{"href":"https:\/\/smartbe.be\/fr\/wp-json\/wp\/v2\/posts\/21065","targetHints":{"allow":["GET"]}}],"collection":[{"href":"https:\/\/smartbe.be\/fr\/wp-json\/wp\/v2\/posts"}],"about":[{"href":"https:\/\/smartbe.be\/fr\/wp-json\/wp\/v2\/types\/post"}],"author":[{"embeddable":true,"href":"https:\/\/smartbe.be\/fr\/wp-json\/wp\/v2\/users\/56"}],"replies":[{"embeddable":true,"href":"https:\/\/smartbe.be\/fr\/wp-json\/wp\/v2\/comments?post=21065"}],"version-history":[{"count":17,"href":"https:\/\/smartbe.be\/fr\/wp-json\/wp\/v2\/posts\/21065\/revisions"}],"predecessor-version":[{"id":21090,"href":"https:\/\/smartbe.be\/fr\/wp-json\/wp\/v2\/posts\/21065\/revisions\/21090"}],"wp:featuredmedia":[{"embeddable":true,"href":"https:\/\/smartbe.be\/fr\/wp-json\/wp\/v2\/media\/21073"}],"wp:attachment":[{"href":"https:\/\/smartbe.be\/fr\/wp-json\/wp\/v2\/media?parent=21065"}],"wp:term":[{"taxonomy":"category","embeddable":true,"href":"https:\/\/smartbe.be\/fr\/wp-json\/wp\/v2\/categories?post=21065"},{"taxonomy":"post_tag","embeddable":true,"href":"https:\/\/smartbe.be\/fr\/wp-json\/wp\/v2\/tags?post=21065"}],"curies":[{"name":"wp","href":"https:\/\/api.w.org\/{rel}","templated":true}]}}